{"id":59064,"date":"2023-08-24T09:30:00","date_gmt":"2023-08-24T14:30:00","guid":{"rendered":"http:\/\/www.zonaroja.com.mx\/?p=59064"},"modified":"2023-08-24T08:05:44","modified_gmt":"2023-08-24T13:05:44","slug":"aumenta-a-18-la-cifra-de-muertos-tras-accidente-de-autobus-en-la-tehuacan-oaxaca","status":"publish","type":"post","link":"https:\/\/zonaroja.com.mx\/?p=59064","title":{"rendered":"Aumenta a 18 la cifra de muertos tras accidente de autob\u00fas en la Tehuac\u00e1n-Oaxaca"},"content":{"rendered":"\n<p>Redacci\u00f3n\/Zona Roja Cdmx.<\/p>\n\n\n\n<p>Ciudad de M\u00e9xico, a 24 de agosto de 2023.- Tras el accidente ocurrido el pasado martes 22 de agosto donde un autob\u00fas de pasajeros se impact\u00f3 contra un tr\u00e1iler en la autopista Oaxaca-Cuacnopalan&nbsp;a la altura del kil\u00f3metro 91, se inform\u00f3 que increment\u00f3 la cifra de los fallecidos.<\/p>\n\n\n\n<p>Hasta el corte de la ma\u00f1ana del 23 de agosto, se ten\u00eda la informaci\u00f3n de que fueron 16 personas las que fallecieron en el accidente, de las cuales, 15 eran mexicanas y 1 era de origen venezolano.<\/p>\n\n\n\n<p>No obstante, se notific\u00f3 a trav\u00e9s de la Secretar\u00eda de Gobernaci\u00f3n del estado de Puebla que la cifra increment\u00f3 a 18 muertos, sin definir g\u00e9neros ni nacionalidades.<\/p>\n\n\n\n<p>Por su parte, el Instituto Nacional de Migraci\u00f3n (INM), a trav\u00e9s de su delegaci\u00f3n, inform\u00f3 que brindar\u00e1n apoyo a las autoridades correspondientes, para realizar el traslado de los cuerpos de las personas fallecidas, hacia su lugar de origen.<\/p>\n\n\n\n<p>De acuerdo con el secretario de Gobernaci\u00f3n, Javier Aquino Lim\u00f3n, una falla en el sistema de frenos fue lo que provoc\u00f3 el accidente de un cami\u00f3n de turismo .<\/p>\n\n\n\n<p>\u00abAparentemente tuvo una falla mec\u00e1nica en los frenos y fue lo que provoc\u00f3 el percance con un cami\u00f3n que el cual choco de frente \u00bb declar\u00f3.<\/p>\n\n\n\n<p>Aquino Lim\u00f3n tambi\u00e9n detall\u00f3 que hasta el momento no se tiene registro de que ninguna de las personas lesionadas o fallecidas sea de origen poblano, detallando que las v\u00edctimas se encuentran recibiendo atenci\u00f3n m\u00e9dica en Puebla.<\/p>\n\n\n\n<p>(Informaci\u00f3n de \u201cMilenio\u201d)<\/p>\n","protected":false},"excerpt":{"rendered":"<p>Redacci\u00f3n\/Zona Roja Cdmx. Ciudad de M\u00e9xico, a 24 de agosto de 2023.- Tras el accidente&hellip;<\/p>\n","protected":false},"author":2,"featured_media":59065,"comment_status":"closed","ping_status":"open","sticky":false,"template":"","format":"standard","meta":{"_lmt_disableupdate":"","_lmt_disable":"","_jetpack_memberships_contains_paid_content":false,"footnotes":""},"categories":[109,47],"tags":[3416],"class_list":["post-59064","post","type-post","status-publish","format-standard","has-post-thumbnail","hentry","category-minuto-a-minuto","category-zona-gris","tag-accidentes-carreteros-oaxaca"],"jetpack_featured_media_url":"https:\/\/zonaroja.com.mx\/wp-content\/uploads\/2023\/08\/Accidente-autobus-Oaxaca-Cuacnopalan.jpg","jetpack_sharing_enabled":true,"_links":{"self":[{"href":"https:\/\/zonaroja.com.mx\/index.php?rest_route=\/wp\/v2\/posts\/59064","targetHints":{"allow":["GET"]}}],"collection":[{"href":"https:\/\/zonaroja.com.mx\/index.php?rest_route=\/wp\/v2\/posts"}],"about":[{"href":"https:\/\/zonaroja.com.mx\/index.php?rest_route=\/wp\/v2\/types\/post"}],"author":[{"embeddable":true,"href":"https:\/\/zonaroja.com.mx\/index.php?rest_route=\/wp\/v2\/users\/2"}],"replies":[{"embeddable":true,"href":"https:\/\/zonaroja.com.mx\/index.php?rest_route=%2Fwp%2Fv2%2Fcomments&post=59064"}],"version-history":[{"count":1,"href":"https:\/\/zonaroja.com.mx\/index.php?rest_route=\/wp\/v2\/posts\/59064\/revisions"}],"predecessor-version":[{"id":59066,"href":"https:\/\/zonaroja.com.mx\/index.php?rest_route=\/wp\/v2\/posts\/59064\/revisions\/59066"}],"wp:featuredmedia":[{"embeddable":true,"href":"https:\/\/zonaroja.com.mx\/index.php?rest_route=\/wp\/v2\/media\/59065"}],"wp:attachment":[{"href":"https:\/\/zonaroja.com.mx\/index.php?rest_route=%2Fwp%2Fv2%2Fmedia&parent=59064"}],"wp:term":[{"taxonomy":"category","embeddable":true,"href":"https:\/\/zonaroja.com.mx\/index.php?rest_route=%2Fwp%2Fv2%2Fcategories&post=59064"},{"taxonomy":"post_tag","embeddable":true,"href":"https:\/\/zonaroja.com.mx\/index.php?rest_route=%2Fwp%2Fv2%2Ftags&post=59064"}],"curies":[{"name":"wp","href":"https:\/\/api.w.org\/{rel}","templated":true}]}}