{"id":59067,"date":"2023-08-24T08:24:42","date_gmt":"2023-08-24T13:24:42","guid":{"rendered":"http:\/\/www.zonaroja.com.mx\/?p=59067"},"modified":"2023-08-24T08:24:45","modified_gmt":"2023-08-24T13:24:45","slug":"identifican-a-mujer-fallecida-en-accidente-en-la-capital-chofer-detenido","status":"publish","type":"post","link":"https:\/\/zonaroja.com.mx\/?p=59067","title":{"rendered":"Identifican a mujer fallecida en accidente en la capital; chofer detenido"},"content":{"rendered":"\n<p>Redacci\u00f3n\/Zona Roja.<\/p>\n\n\n\n<p>Oaxaca de Ju\u00e1rez, Oax., a 24 de agosto de 2023.- Como Ariagny G. A., de 45 a\u00f1os de edad y con domicilio en la colonia Estado de Oaxaca, agencia de San Mart\u00edn Mexic\u00e1pam, fue identificada la mujer que muri\u00f3 ayer por la tarde-noche en un accidente vial en el centro de la capital.<\/p>\n\n\n\n<p>Asimismo, result\u00f3 lesionada Ofelia \u201cN\u201d, quien fue trasladada a un hospital, mientras que fue detenido el abogado Diego Manuel \u201cN\u201d, como probable responsable de iniciar la carambola, quien conduc\u00eda una camioneta tipo Cheroke, marca Jeep, color negra y sin placas de circulaci\u00f3n.<\/p>\n\n\n\n<p>El percance se origin\u00f3 alrededor de las 19:00 horas en la esquina de Trujano y Mier y Ter\u00e1n, Centro Hist\u00f3rico, en que participaron cuatro veh\u00edculos, entre ellos una motoneta.<\/p>\n\n\n\n<p>El cuerpo de la hoy occisa qued\u00f3 prensado entre un poste y una camioneta color negra tipo Cheyene, tras el impacto de otro veh\u00edculo.<\/p>\n\n\n\n<p>Personal de la Fiscal\u00eda General del Estado de Oaxaca realiz\u00f3 las diligencias correspondientes e inici\u00f3 la Carpeta de Investigaci\u00f3n, con la finalidad de esclarecer la mec\u00e1nica de los hechos y deslindar responsabilidades.<\/p>\n\n\n\n<p>OTRO PERCANCE<\/p>\n\n\n\n<p>Por otra parte, otro fatal percance ocurri\u00f3 tambi\u00e9n ayer pero en la regi\u00f3n del Istmo de Tehuantepec.<\/p>\n\n\n\n<p>Ocurri\u00f3 en el tramo La Venta-Santo Domingo Ingenio, de la v\u00eda federal 190, en que se impactaran una camioneta del servicio particular y una pipa.<\/p>\n\n\n\n<p>La v\u00edctima, el chofer de la camioneta, fue identificado como Rodrigo M., de 42 a\u00f1os de edad, mientras que result\u00f3 lesionado Ignacio S., ambos del municipio de Uni\u00f3n Hidalgo.<\/p>\n\n\n\n<figure class=\"wp-block-embed is-type-rich is-provider-twitter wp-block-embed-twitter\"><div class=\"wp-block-embed__wrapper\">\n<div class=\"twitter-tweet\"><blockquote class=\"twitter-tweet\" data-lang=\"es\"><p lang=\"es\" dir=\"ltr\"><a href=\"https:\/\/twitter.com\/hashtag\/%C3%9AltimoMinuto?src=hash&amp;ref_src=twsrc%5Etfw\">#\u00daltimoMinuto<\/a><br>Terrible accidente vial esta noche en el Centro Hist\u00f3rico de la ciudad de Oaxaca.<br>Dos mujeres fueron atropelladas en la calle de Mier y Ter\u00e1n esquina con Trujano, una de las cuales perdi\u00f3 la vida. <a href=\"https:\/\/t.co\/B60SRJY5qu\">pic.twitter.com\/B60SRJY5qu<\/a><\/p>&mdash; Zona Roja Oaxaca (@ZonaRoja_Oaxaca) <a href=\"https:\/\/twitter.com\/ZonaRoja_Oaxaca\/status\/1694520074504192399?ref_src=twsrc%5Etfw\">24 de agosto de 2023<\/a><\/blockquote><\/div>\n<\/div><\/figure>\n","protected":false},"excerpt":{"rendered":"<p>Redacci\u00f3n\/Zona Roja. Oaxaca de Ju\u00e1rez, Oax., a 24 de agosto de 2023.- Como Ariagny G.&hellip;<\/p>\n","protected":false},"author":2,"featured_media":59068,"comment_status":"closed","ping_status":"open","sticky":false,"template":"","format":"standard","meta":{"_lmt_disableupdate":"","_lmt_disable":"","_jetpack_memberships_contains_paid_content":false,"footnotes":""},"categories":[109,47],"tags":[3416],"class_list":["post-59067","post","type-post","status-publish","format-standard","has-post-thumbnail","hentry","category-minuto-a-minuto","category-zona-gris","tag-accidentes-carreteros-oaxaca"],"jetpack_featured_media_url":"https:\/\/zonaroja.com.mx\/wp-content\/uploads\/2023\/08\/Accidente-centro-de-la-ciudad-de-Oaxaca.jpg","jetpack_sharing_enabled":true,"_links":{"self":[{"href":"https:\/\/zonaroja.com.mx\/index.php?rest_route=\/wp\/v2\/posts\/59067","targetHints":{"allow":["GET"]}}],"collection":[{"href":"https:\/\/zonaroja.com.mx\/index.php?rest_route=\/wp\/v2\/posts"}],"about":[{"href":"https:\/\/zonaroja.com.mx\/index.php?rest_route=\/wp\/v2\/types\/post"}],"author":[{"embeddable":true,"href":"https:\/\/zonaroja.com.mx\/index.php?rest_route=\/wp\/v2\/users\/2"}],"replies":[{"embeddable":true,"href":"https:\/\/zonaroja.com.mx\/index.php?rest_route=%2Fwp%2Fv2%2Fcomments&post=59067"}],"version-history":[{"count":1,"href":"https:\/\/zonaroja.com.mx\/index.php?rest_route=\/wp\/v2\/posts\/59067\/revisions"}],"predecessor-version":[{"id":59069,"href":"https:\/\/zonaroja.com.mx\/index.php?rest_route=\/wp\/v2\/posts\/59067\/revisions\/59069"}],"wp:featuredmedia":[{"embeddable":true,"href":"https:\/\/zonaroja.com.mx\/index.php?rest_route=\/wp\/v2\/media\/59068"}],"wp:attachment":[{"href":"https:\/\/zonaroja.com.mx\/index.php?rest_route=%2Fwp%2Fv2%2Fmedia&parent=59067"}],"wp:term":[{"taxonomy":"category","embeddable":true,"href":"https:\/\/zonaroja.com.mx\/index.php?rest_route=%2Fwp%2Fv2%2Fcategories&post=59067"},{"taxonomy":"post_tag","embeddable":true,"href":"https:\/\/zonaroja.com.mx\/index.php?rest_route=%2Fwp%2Fv2%2Ftags&post=59067"}],"curies":[{"name":"wp","href":"https:\/\/api.w.org\/{rel}","templated":true}]}}