{"id":59070,"date":"2023-08-24T10:30:00","date_gmt":"2023-08-24T15:30:00","guid":{"rendered":"http:\/\/www.zonaroja.com.mx\/?p=59070"},"modified":"2023-08-24T08:31:52","modified_gmt":"2023-08-24T13:31:52","slug":"atentado-muere-en-accidente-aereo-jefe-de-sicarios-en-rusia","status":"publish","type":"post","link":"https:\/\/zonaroja.com.mx\/?p=59070","title":{"rendered":"\u00bfAtentado? Muere en accidente a\u00e9reo jefe de sicarios en Rusia"},"content":{"rendered":"\n<p>Redacci\u00f3n\/Zona Roja Cdmx.<\/p>\n\n\n\n<p>Ciudad de M\u00e9xico, a 24 de agosto de 2023.- El jefe del Grupo Wagner, Yevgueni Prigozhin, viajaba en el avi\u00f3n privado Embraer que se estrell\u00f3 el mi\u00e9rcoles en el centro de Rusia, seg\u00fan inform\u00f3 hoy la agencia de aviaci\u00f3n civil, Rosaviatsia.<\/p>\n\n\n\n<p>Seg\u00fan los datos de la compa\u00f1\u00eda a\u00e9rea, en el Embraer-135 viajaban siete pasajeros, entre ellos Prigozhin y su mano derecha, Dmitri Utkin, antiguo oficial de la inteligencia militar rusa (GRU).<\/p>\n\n\n\n<p>Los otros pasajeros ser\u00edan tambi\u00e9n miembros del grupo de mercenarios, que reanud\u00f3 recientemente sus operaciones en el continente africano.<\/p>\n\n\n\n<p>Adem\u00e1s, en el aparato, que volaba de San Petersburgo a Mosc\u00fa, se encontraba el comandante, un segundo piloto y una azafata.<\/p>\n\n\n\n<p>Rosaviatsia subray\u00f3 que el avi\u00f3n ten\u00eda todos los permisos en regla y realizaba su vuelo tras recibir a su debido momento la autorizaci\u00f3n oficial para la utilizaci\u00f3n del espacio a\u00e9reo.<\/p>\n\n\n\n<p>El Ministerio para Situaciones de Emergencia de Rusia inform\u00f3 sobre la muerte de los diez ocupantes del avi\u00f3n, de los que ya se han recuperado ocho cad\u00e1veres.<\/p>\n\n\n\n<p>La prensa local inform\u00f3 que los cad\u00e1veres est\u00e1n carbonizados, por lo que probablemente tendr\u00e1n que ser sometidos a ex\u00e1menes de ADN para proceder a su identificaci\u00f3n.<\/p>\n\n\n\n<p>El Embraer se estrell\u00f3 contra la tierra no lejos de la localidad de Kuzhenkino (regi\u00f3n de Tver), que se encuentra a unos 350 kil\u00f3metros de Mosc\u00fa.<\/p>\n\n\n\n<p>FUE LIQUIDADO<\/p>\n\n\n\n<p>El asesor de la Presidencia ucraniana, Mijailo Podoliak, asegur\u00f3 que Prigozhin hab\u00eda sido liquidado por orden del jefe del Kremlin, Vlad\u00edmir Putin, versi\u00f3n respaldada por el magnate ruso Mija\u00edl Jodorkovski y diferentes canales de Telegram.<\/p>\n\n\n\n<p>La cat\u00e1strofe a\u00e9rea tuvo lugar exactamente dos meses despu\u00e9s de que Prigozhin protagonizara una fallida rebeli\u00f3n armada contra el Kremlin en la que lleg\u00f3 a tomar una de las ciudades m\u00e1s importantes del sur de Rusia, Rostov del Don.<\/p>\n\n\n\n<p>El oligarca ruso Yevgueni Prigozhin, quien seg\u00fan la agencia de aviaci\u00f3n civil rusa viajaba en un avi\u00f3n privado que se estrell\u00f3 este mi\u00e9rcoles en la regi\u00f3n rusa de Tver con diez personas a bordo, se dio a conocer mundialmente como el jefe del Grupo Wagner, una empresa compuesta por mercenarios que tras participar en la guerra de Ucrania junto al Ej\u00e9rcito ruso protagoniz\u00f3 hace dos meses una fallida rebeli\u00f3n militar contra el Kremlin.<\/p>\n\n\n\n<p>Prigozhin fue apodado el \u201cchef de Putin\u201d debido a su anterior proximidad con el presidente ruso y sus negocios de restauraci\u00f3n, que mont\u00f3 despu\u00e9s de salir indultado de prisi\u00f3n en 1990, donde pas\u00f3 casi diez a\u00f1os por diversos delitos.<\/p>\n\n\n\n<p>Nacido el 1 de junio de 1961 en la actual San Petersburgo, sus v\u00ednculos con el presidente ruso, Vlad\u00edmir Putin, empezaron cuando Prigozhin, vendedor entonces de \u201chot dogs\u201d en puestos callejeros, distribuy\u00f3 varios \u201ccatering\u201d de comida al Ej\u00e9rcito ruso.<\/p>\n\n\n\n<p>Tras la invasi\u00f3n rusa de Ucrania, iniciada en febrero de 2022, Prigozhin reclut\u00f3 a 35 mil presos que fueron excarcelados para combatir al lado de las tropas rusas.<\/p>\n\n\n\n<p>(Informaci\u00f3n de la agencia EFE)<\/p>\n","protected":false},"excerpt":{"rendered":"<p>Redacci\u00f3n\/Zona Roja Cdmx. Ciudad de M\u00e9xico, a 24 de agosto de 2023.- El jefe del&hellip;<\/p>\n","protected":false},"author":2,"featured_media":59071,"comment_status":"closed","ping_status":"open","sticky":false,"template":"","format":"standard","meta":{"_lmt_disableupdate":"","_lmt_disable":"","_jetpack_memberships_contains_paid_content":false,"footnotes":""},"categories":[109,47],"tags":[3589],"class_list":["post-59070","post","type-post","status-publish","format-standard","has-post-thumbnail","hentry","category-minuto-a-minuto","category-zona-gris","tag-grupo-wagner-rusia"],"jetpack_featured_media_url":"https:\/\/zonaroja.com.mx\/wp-content\/uploads\/2023\/08\/Accidente-jefe-grupo-Wagner-Rusia.webp","jetpack_sharing_enabled":true,"_links":{"self":[{"href":"https:\/\/zonaroja.com.mx\/index.php?rest_route=\/wp\/v2\/posts\/59070","targetHints":{"allow":["GET"]}}],"collection":[{"href":"https:\/\/zonaroja.com.mx\/index.php?rest_route=\/wp\/v2\/posts"}],"about":[{"href":"https:\/\/zonaroja.com.mx\/index.php?rest_route=\/wp\/v2\/types\/post"}],"author":[{"embeddable":true,"href":"https:\/\/zonaroja.com.mx\/index.php?rest_route=\/wp\/v2\/users\/2"}],"replies":[{"embeddable":true,"href":"https:\/\/zonaroja.com.mx\/index.php?rest_route=%2Fwp%2Fv2%2Fcomments&post=59070"}],"version-history":[{"count":1,"href":"https:\/\/zonaroja.com.mx\/index.php?rest_route=\/wp\/v2\/posts\/59070\/revisions"}],"predecessor-version":[{"id":59072,"href":"https:\/\/zonaroja.com.mx\/index.php?rest_route=\/wp\/v2\/posts\/59070\/revisions\/59072"}],"wp:featuredmedia":[{"embeddable":true,"href":"https:\/\/zonaroja.com.mx\/index.php?rest_route=\/wp\/v2\/media\/59071"}],"wp:attachment":[{"href":"https:\/\/zonaroja.com.mx\/index.php?rest_route=%2Fwp%2Fv2%2Fmedia&parent=59070"}],"wp:term":[{"taxonomy":"category","embeddable":true,"href":"https:\/\/zonaroja.com.mx\/index.php?rest_route=%2Fwp%2Fv2%2Fcategories&post=59070"},{"taxonomy":"post_tag","embeddable":true,"href":"https:\/\/zonaroja.com.mx\/index.php?rest_route=%2Fwp%2Fv2%2Ftags&post=59070"}],"curies":[{"name":"wp","href":"https:\/\/api.w.org\/{rel}","templated":true}]}}