{"id":59073,"date":"2023-08-24T12:31:00","date_gmt":"2023-08-24T17:31:00","guid":{"rendered":"http:\/\/www.zonaroja.com.mx\/?p=59073"},"modified":"2023-08-24T08:52:06","modified_gmt":"2023-08-24T13:52:06","slug":"cinco-anos-despues-detienen-a-probable-autor-de-masacre-de-23-campesinos","status":"publish","type":"post","link":"https:\/\/zonaroja.com.mx\/?p=59073","title":{"rendered":"Cinco a\u00f1os despu\u00e9s, detienen a probable autor de masacre de 23 campesinos"},"content":{"rendered":"\n<p>Redacci\u00f3n\/Zona Roja.<\/p>\n\n\n\n<p>Oaxaca de Ju\u00e1rez, Oax., a 24 de agosto de 2023.- La Fiscal\u00eda General del Estado de Oaxaca (FGEO) ejecut\u00f3 una orden de aprehensi\u00f3n, a trav\u00e9s de la Agencia Estatal de Investigaciones (AEI), en contra de una persona del sexo masculino E. F. C. o E. R. C., por el delito de Homicidio Calificado de 13 campesinos, hechos ocurridos en el municipio de Santa Mar\u00eda Ecatepec.<\/p>\n\n\n\n<p>De acuerdo con el expediente penal, los hechos ocurrieron la tarde del 16 de julio de 2018, cuando un grupo de pobladores de Ecatepec, acudi\u00f3 a trabajar sus tierras en un paraje conocido como Portillo Semilla, donde fueron v\u00edctimas de una agresi\u00f3n a balazos.<\/p>\n\n\n\n<p>Como consecuencia de este ataque armado, fallecieron 13 personas -entre hombres y mujeres-, identificadas como: A. R. S., L. F. R., E. H. L., F. R. P., R. R. A., A. G. V., O. R. R. (mujer), M. H. L. (mujer), S. R. A., V. R. C., D. F. M., A. R. R. y R. R. R.<\/p>\n\n\n\n<p>Las investigaciones realizadas por la Fiscal\u00eda apuntan a que los motivos de esta agresi\u00f3n atienden a una disputa agraria por los l\u00edmites entre Santa Mar\u00eda Ecatepec (de donde son las v\u00edctimas) contra San Lucas Ixcotepec.<\/p>\n\n\n\n<p>Gracias a los trabajos de procuraci\u00f3n de justicia realizados por la FGEO, se obtuvo la orden de aprehensi\u00f3n en contra de E. F. C. o E. R. C., quien luego de su detenci\u00f3n fue presentado ante las autoridades correspondientes para determinar su situaci\u00f3n jur\u00eddica en las pr\u00f3ximas horas.<\/p>\n\n\n\n<p>La Fiscal\u00eda de Oaxaca entrega resultados tangibles respecto a la procuraci\u00f3n de justicia para garantizar la seguridad y la paz social en las diferentes regiones de la entidad.<\/p>\n","protected":false},"excerpt":{"rendered":"<p>Redacci\u00f3n\/Zona Roja. Oaxaca de Ju\u00e1rez, Oax., a 24 de agosto de 2023.- La Fiscal\u00eda General&hellip;<\/p>\n","protected":false},"author":2,"featured_media":59074,"comment_status":"closed","ping_status":"open","sticky":false,"template":"","format":"standard","meta":{"_lmt_disableupdate":"","_lmt_disable":"","_jetpack_memberships_contains_paid_content":false,"footnotes":""},"categories":[109,46],"tags":[494],"class_list":["post-59073","post","type-post","status-publish","format-standard","has-post-thumbnail","hentry","category-minuto-a-minuto","category-zona-blanca","tag-fiscalia-general-del-estado-de-oaxaca"],"jetpack_featured_media_url":"https:\/\/zonaroja.com.mx\/wp-content\/uploads\/2023\/08\/Masacre-Ecatepec-Oaxaca.jpeg","jetpack_sharing_enabled":true,"_links":{"self":[{"href":"https:\/\/zonaroja.com.mx\/index.php?rest_route=\/wp\/v2\/posts\/59073","targetHints":{"allow":["GET"]}}],"collection":[{"href":"https:\/\/zonaroja.com.mx\/index.php?rest_route=\/wp\/v2\/posts"}],"about":[{"href":"https:\/\/zonaroja.com.mx\/index.php?rest_route=\/wp\/v2\/types\/post"}],"author":[{"embeddable":true,"href":"https:\/\/zonaroja.com.mx\/index.php?rest_route=\/wp\/v2\/users\/2"}],"replies":[{"embeddable":true,"href":"https:\/\/zonaroja.com.mx\/index.php?rest_route=%2Fwp%2Fv2%2Fcomments&post=59073"}],"version-history":[{"count":1,"href":"https:\/\/zonaroja.com.mx\/index.php?rest_route=\/wp\/v2\/posts\/59073\/revisions"}],"predecessor-version":[{"id":59075,"href":"https:\/\/zonaroja.com.mx\/index.php?rest_route=\/wp\/v2\/posts\/59073\/revisions\/59075"}],"wp:featuredmedia":[{"embeddable":true,"href":"https:\/\/zonaroja.com.mx\/index.php?rest_route=\/wp\/v2\/media\/59074"}],"wp:attachment":[{"href":"https:\/\/zonaroja.com.mx\/index.php?rest_route=%2Fwp%2Fv2%2Fmedia&parent=59073"}],"wp:term":[{"taxonomy":"category","embeddable":true,"href":"https:\/\/zonaroja.com.mx\/index.php?rest_route=%2Fwp%2Fv2%2Fcategories&post=59073"},{"taxonomy":"post_tag","embeddable":true,"href":"https:\/\/zonaroja.com.mx\/index.php?rest_route=%2Fwp%2Fv2%2Ftags&post=59073"}],"curies":[{"name":"wp","href":"https:\/\/api.w.org\/{rel}","templated":true}]}}