{"id":59076,"date":"2023-08-24T12:30:00","date_gmt":"2023-08-24T17:30:00","guid":{"rendered":"http:\/\/www.zonaroja.com.mx\/?p=59076"},"modified":"2023-08-24T09:03:43","modified_gmt":"2023-08-24T14:03:43","slug":"piden-desde-el-congreso-indagar-y-sancionar-extraccion-ilicita-de-petreos","status":"publish","type":"post","link":"https:\/\/zonaroja.com.mx\/?p=59076","title":{"rendered":"Piden desde el Congreso indagar y sancionar extracci\u00f3n il\u00edcita de p\u00e9treos"},"content":{"rendered":"\n<p>Redacci\u00f3n\/Zona Roja.<\/p>\n\n\n\n<p>Oaxaca de Ju\u00e1rez, Oax., a Oax. 24 de agosto de 2023.- Integrantes de la Comisi\u00f3n Permanente de Agua y Saneamiento, Mariana Ben\u00edtez Tiburcio, Eva Diego Cruz, Horacio Sosa Villavicencio, Sergio L\u00f3pez S\u00e1nchez y V\u00edctor Ra\u00fal Hern\u00e1ndez L\u00f3pez, presentaron un punto de acuerdo de urgente y obvia resoluci\u00f3n para que dependencias federales y estatales&nbsp;en el \u00e1mbito de sus atribuciones, investiguen y en su caso sancionen administrativa y penalmente las conductas de extracci\u00f3n il\u00edcita de material p\u00e9treo que se llevan&nbsp;a cabo en r\u00edos que se encuentran en diversos municipios&nbsp;de la entidad.&nbsp;<\/p>\n\n\n\n<p>En ese sentido, la presidenta de la Comisi\u00f3n Permanente de Agua y Saneamiento, Mariana Ben\u00edtez Tiburcio manifest\u00f3 que es necesario fortalecer la aplicaci\u00f3n de la leyes y regulaciones para imponer sanciones efectivas a aquellos que violan la ley, con la finalidad de controlar la extracci\u00f3n desmedida de materiales p\u00e9treos y asegurarseque estas actividades se realicen dentro de los l\u00edmites legales y \u00e9ticos.<\/p>\n\n\n\n<p>En su intervenci\u00f3n ante el pleno del Congreso, la diputada local exhort\u00f3&nbsp;a&nbsp;la Comisi\u00f3n Nacional del Agua&nbsp;Cuenca Pac\u00edfico Sur, la Procuradur\u00eda Federal de Protecci\u00f3n al Ambiente, la Secretar\u00eda de Medio Ambiente, Biodiversidad, Energ\u00edas y Sostenibilidad, la Procuradur\u00eda de Protecci\u00f3n al Ambiente del Estado de Oaxaca y la delegaci\u00f3n de la Fiscal\u00eda General de la Rep\u00fablica en Oaxaca,&nbsp;para imponer sanciones por da\u00f1os ocasionados al medio ambiente en&nbsp;el&nbsp;r\u00edo Atoyac, particularmente enlos municipios de San Lorenzo Cacaotepec y San Felipe Tejal\u00e1pam;&nbsp;adem\u00e1s de los r\u00edos&nbsp;Xonene en San Pedro Pochutla y &nbsp;Santa Cruz en Santa Ana Tlapacoyan.<\/p>\n\n\n\n<p>De igual manera, solicit\u00f3 a las autoridades competentes atender las denuncias de pobladores y activistas respecto a estas actividades il\u00edcitas en el r\u00edo del Ma\u00edz-Manialtepec en Villa de Tututepec de Melchor Ocampo; el r\u00edo Limpio en la Agencia de Polic\u00eda de San Pedro Nolasco en Capul\u00e1lpam de M\u00e9ndez y el r\u00edo Los Perros en Ciudad Ixtepec.<\/p>\n\n\n\n<figure class=\"wp-block-embed is-type-rich is-provider-twitter wp-block-embed-twitter\"><div class=\"wp-block-embed__wrapper\">\n<div class=\"twitter-tweet\"><blockquote class=\"twitter-tweet\" data-lang=\"es\"><p lang=\"es\" dir=\"ltr\">La Presidenta de la Comisi\u00f3n de Agua Potable y Alcantarillado en la 65 Legislatura del <a href=\"https:\/\/twitter.com\/CongresoOaxaca_?ref_src=twsrc%5Etfw\">@CongresoOaxaca_<\/a>, <a href=\"https:\/\/twitter.com\/marianabenitezt?ref_src=twsrc%5Etfw\">@marianabenitezt<\/a>, present\u00f3 un punto de acuerdo de urgente y obvia resoluci\u00f3n a dependencias federales y estatales para que, en el \u00e1mbito de sus atribuciones, investiguen y en\u2026 <a href=\"https:\/\/t.co\/opEWKFduoF\">pic.twitter.com\/opEWKFduoF<\/a><\/p>&mdash; Zona Roja Oaxaca (@ZonaRoja_Oaxaca) <a href=\"https:\/\/twitter.com\/ZonaRoja_Oaxaca\/status\/1694443600250040343?ref_src=twsrc%5Etfw\">23 de agosto de 2023<\/a><\/blockquote><\/div>\n<\/div><\/figure>\n\n\n\n<p>La diputada independiente, Mariana Ben\u00edtez Tiburcio se\u00f1al\u00f3 que la extracci\u00f3n excesiva de materiales p\u00e9treos como grava y arena de los r\u00edos, causa erosi\u00f3n en las riberas y los lechos, lo que disminuye la capacidad de retenci\u00f3n de agua y aumenta el riesgo de inundaciones y la degradaci\u00f3n del h\u00e1bitat acu\u00e1tico y terrestre.<\/p>\n\n\n\n<p>\u201cTodas estas actividades&nbsp;afectan&nbsp;negativamente las poblaciones de peces y otros organismos acu\u00e1ticos y como consecuencia merma la actividad pesquera y pone en riesgo la seguridad alimentaria de&nbsp;las y los oaxaque\u00f1os&nbsp;que dependen de ella\u201d, asegur\u00f3.<\/p>\n\n\n\n<p>Por otra parte, la legisladora local expuso que la extracci\u00f3n y aprovechamiento de materiales p\u00e9treos requiere contar con la concesi\u00f3n otorgada por la Comisi\u00f3n Nacional del Agua o de los Organismos de Cuenca, por lo cual, estas conductas constituyen la comisi\u00f3n de delitos federales, que conforme a los art\u00edculos 149 y 150 de la Ley General de Bienes son sancionados con una pena corporal de 2 a 12 a\u00f1os de prisi\u00f3n y una multa de 300 mil veces la unidad de medida y actualizaci\u00f3n.<\/p>\n\n\n\n<p>\u201cLa extracci\u00f3n excesiva e il\u00edcita de materiales p\u00e9treos contin\u00faa impunemente, a pesar de ser un ataque a nuestro entorno, a nuestra diversidad y a nuestra calidad de vida. Como l\u00edderes y ciudadanos comprometidos, tenemos el deber de asegurar que nuestros r\u00edos fluyan con salud y vitalidad, proporcionando beneficios tanto para nosotros como para las futuras generaciones\u201d,&nbsp;concluy\u00f3.<\/p>\n","protected":false},"excerpt":{"rendered":"<p>Redacci\u00f3n\/Zona Roja. Oaxaca de Ju\u00e1rez, Oax., a Oax. 24 de agosto de 2023.- Integrantes de&hellip;<\/p>\n","protected":false},"author":2,"featured_media":59077,"comment_status":"closed","ping_status":"open","sticky":false,"template":"","format":"standard","meta":{"_lmt_disableupdate":"","_lmt_disable":"","_jetpack_memberships_contains_paid_content":false,"footnotes":""},"categories":[109,46],"tags":[2969],"class_list":["post-59076","post","type-post","status-publish","format-standard","has-post-thumbnail","hentry","category-minuto-a-minuto","category-zona-blanca","tag-mariana-benitez-tiburcio"],"jetpack_featured_media_url":"https:\/\/zonaroja.com.mx\/wp-content\/uploads\/2023\/08\/Mariana-Benitez-Tiburcio.jpg","jetpack_sharing_enabled":true,"_links":{"self":[{"href":"https:\/\/zonaroja.com.mx\/index.php?rest_route=\/wp\/v2\/posts\/59076","targetHints":{"allow":["GET"]}}],"collection":[{"href":"https:\/\/zonaroja.com.mx\/index.php?rest_route=\/wp\/v2\/posts"}],"about":[{"href":"https:\/\/zonaroja.com.mx\/index.php?rest_route=\/wp\/v2\/types\/post"}],"author":[{"embeddable":true,"href":"https:\/\/zonaroja.com.mx\/index.php?rest_route=\/wp\/v2\/users\/2"}],"replies":[{"embeddable":true,"href":"https:\/\/zonaroja.com.mx\/index.php?rest_route=%2Fwp%2Fv2%2Fcomments&post=59076"}],"version-history":[{"count":1,"href":"https:\/\/zonaroja.com.mx\/index.php?rest_route=\/wp\/v2\/posts\/59076\/revisions"}],"predecessor-version":[{"id":59078,"href":"https:\/\/zonaroja.com.mx\/index.php?rest_route=\/wp\/v2\/posts\/59076\/revisions\/59078"}],"wp:featuredmedia":[{"embeddable":true,"href":"https:\/\/zonaroja.com.mx\/index.php?rest_route=\/wp\/v2\/media\/59077"}],"wp:attachment":[{"href":"https:\/\/zonaroja.com.mx\/index.php?rest_route=%2Fwp%2Fv2%2Fmedia&parent=59076"}],"wp:term":[{"taxonomy":"category","embeddable":true,"href":"https:\/\/zonaroja.com.mx\/index.php?rest_route=%2Fwp%2Fv2%2Fcategories&post=59076"},{"taxonomy":"post_tag","embeddable":true,"href":"https:\/\/zonaroja.com.mx\/index.php?rest_route=%2Fwp%2Fv2%2Ftags&post=59076"}],"curies":[{"name":"wp","href":"https:\/\/api.w.org\/{rel}","templated":true}]}}