{"id":5910,"date":"2019-11-20T12:43:01","date_gmt":"2019-11-20T18:43:01","guid":{"rendered":"https:\/\/www.zonaroja.com.mx\/?p=5910"},"modified":"2019-11-20T12:43:03","modified_gmt":"2019-11-20T18:43:03","slug":"desmienten-a-la-fiscalia-fue-agresion-dicen-vecinos-de-xoxocotlan","status":"publish","type":"post","link":"https:\/\/zonaroja.com.mx\/?p=5910","title":{"rendered":"Desmienten a la Fiscal\u00eda; \u00abfue agresi\u00f3n\u00bb, dicen vecinos de Xoxocotl\u00e1n"},"content":{"rendered":"\n<p>Redacci\u00f3n\/Zona Roja.<\/p>\n\n\n\n<p>Oaxaca de Ju\u00e1rez, Oax., 20 de noviembre de 2019.-&nbsp;Familias afectadas por los hechos violentos que se registraron&nbsp;<a href=\"\/\/0\">este martes<\/a>&nbsp;en los parajes \u201cLoma del Qu\u00edo\u201d, Los Mangales\u201d y \u201cEl Coquito\u201d&nbsp;pertenecientes al municipio de Santa Cruz Xoxocotl\u00e1n,&nbsp;se mantienen desde noche &nbsp;en \u201cplant\u00f3n\u201d a un costado del Palacio de Gobierno, debido a la quema de sus viviendas y en exigencia de justicia.&nbsp;<\/p>\n\n\n\n<p>En conferencia de prensa, cuestionaron los dichos de la Fiscal\u00eda General del Estado, que a trav\u00e9s de un comunicado asegur\u00f3 que se trat\u00f3 de un enfrentamiento, situaci\u00f3n que negaron al declarar que se trat\u00f3 de una agresi\u00f3n armada directa, como se vi\u00f3 en los diferentes medios de comunicaci\u00f3n que transmitieron en vivo desde el lugar de los hechos.<\/p>\n\n\n\n<p><div class=\"twitter-tweet\"><blockquote class=\"twitter-tweet\" data-lang=\"es\"><p lang=\"es\" dir=\"ltr\"><a href=\"https:\/\/twitter.com\/hashtag\/OaxacaRojo?src=hash&amp;ref_src=twsrc%5Etfw\">#OaxacaRojo<\/a><br>V\u00edctimas del violento desalojo ocurrido ayer en parajes de Santa Cruz Xoxocotl\u00e1n, mantienen desde anoche un \u201cplant\u00f3n\u201d en un acceso lateral del Palacio de Gobierno, ciudad de Oaxaca; exigen justicia por la persona asesinada y castigo a quienes quemaron viviendas. <a href=\"https:\/\/t.co\/TKnQ9DDxCP\">pic.twitter.com\/TKnQ9DDxCP<\/a><\/p>&mdash; Zona Roja Oaxaca (@MexRoja) <a href=\"https:\/\/twitter.com\/MexRoja\/status\/1197174977985835008?ref_src=twsrc%5Etfw\">20 de noviembre de 2019<\/a><\/blockquote><\/div><\/p>\n\n\n\n<p>\u201cFue una agresi\u00f3n, no hubo enfrentamiento porque a nosotros nos avisaron una hora antes que se estaban reuniendo en ciertos lugares para subir y hacer el desalojo, nosotros confiados en que iba a subir la autoridad, las instancias correspondientes con la fuerza p\u00fablica, eso nos mantuvo a nosotros tranquilos y en su momento mostrar la documentaci\u00f3n que nos avala como propietarios de los terrenos\u201d, dijo Francisco Z\u00e1rate Garc\u00eda, vecino del lugar.<\/p>\n\n\n\n<p>Sin embargo -agreg\u00f3-, lo anterior no sucedi\u00f3 y fueron civiles armados quienes, al estilo de la delincuencia organizada, los sacaron por la fuerza de sus viviendas e iniciaron una balacera en la zona, dejando una persona muerta, tres m\u00e1s heridas, 100 viviendas quemadas, 14 mototaxis, 10 motocicletas y una camioneta destruidas, a las que tambi\u00e9n les prendieron fuego; adem\u00e1s de animales muertos y robo de pertenencias en el saqueo que hicieron de las casas.&nbsp;<\/p>\n\n\n\n<p>\u201cSi como se dice hubieran querido sacar a invasores, el operativo debi\u00f3 de haberlo encabezado la autoridad municipal, estatal o federal, por lo que no queda m\u00e1s que pensar que se trat\u00f3 de un acto violento por parte de la delincuencia organizada\u201d, sentenci\u00f3.<\/p>\n\n\n\n<p><div class=\"twitter-tweet\"><blockquote class=\"twitter-tweet\" data-lang=\"es\"><p lang=\"es\" dir=\"ltr\"><a href=\"https:\/\/twitter.com\/hashtag\/OaxacaRojo?src=hash&amp;ref_src=twsrc%5Etfw\">#OaxacaRojo<\/a><br>Luis Enrique, una de las v\u00edctimas de Xoxocotl\u00e1n, \u00e9ste caso del 9 de noviembre, refuta a la <a href=\"https:\/\/twitter.com\/FISCALIA_GobOax?ref_src=twsrc%5Etfw\">@FISCALIA_GobOax<\/a>: hubo agresi\u00f3n, no enfrentamiento; \u201ces nuestra palabra contra la de estos fiscales que est\u00e1n metiditos en su oficina, \u00a1que suban!\u201d al lugar de los hechos&#8230; <a href=\"https:\/\/t.co\/Zm77zcXlwx\">pic.twitter.com\/Zm77zcXlwx<\/a><\/p>&mdash; Zona Roja Oaxaca (@MexRoja) <a href=\"https:\/\/twitter.com\/MexRoja\/status\/1197216568008151040?ref_src=twsrc%5Etfw\">20 de noviembre de 2019<\/a><\/blockquote><\/div><\/p>\n\n\n\n<p>En este sentido, las y los vecinos congregados a las afueras de Palacio de Gobierno aseguraron que s\u00ed hubo presencia policiaca en el lugar previo a la balacera, ya que ante el llamado de las v\u00edctimas que cuentan con medidas cautelares, elementos de seguridad se dieron cita, pero no intervinieron, dejando en la indefensi\u00f3n a ls familias que ah\u00ed se encontraban.<\/p>\n\n\n\n<p>Situaci\u00f3n similar a la que sucedi\u00f3 con elementos de la Polic\u00eda Estatal y la Guardia Nacional, quienes hicieron presencia pero no intervinieron, pese a que fueron recibidos a tiros por parte de los agresores que adem\u00e1s prend\u00edan fuego a las viviendas que ah\u00ed se encontraban.<\/p>\n\n\n\n<p>De igual forma expusieron que autoridades del Instituto Nacional de Antropolog\u00eda e Historia y la Procuradur\u00eda Agraria tienen las manos metidas en la agresi\u00f3n, prueba de ello son las fotograf\u00edas que circularon en las redes sociales en donde se puede observar la convivencia del arque\u00f3logo Tito Mijangos con los presuntos agresores.<\/p>\n\n\n\n<p>Finalmente, insistieron en que no son invasores ni paracaidistas y por el contrario cuentan con los documentos que los avalan como propietarios de los predios de los que fueron desalojados por la fuerza y a punta de pistola, raz\u00f3n por la que piden justicia a las autoridades estatales encabezadas por el gobernador Alejandro Murat.<\/p>\n\n\n\n<p>\u201cQueremos justicia, recuperar nuestros bienes y propiedades de las que fuimos despojados, queremos seguridad para nuestras familias y vigilancia en la zona, responsabilizamos de cualquier tipo de agresi\u00f3n y violencia al gobernador Alejandro Murat Hinojosa\u201d, concluyeron.<\/p>\n\n\n\n<p><\/p>\n","protected":false},"excerpt":{"rendered":"<p>Redacci\u00f3n\/Zona Roja. Oaxaca de Ju\u00e1rez, Oax., 20 de noviembre de 2019.-&nbsp;Familias afectadas por los hechos&hellip;<\/p>\n","protected":false},"author":2,"featured_media":5909,"comment_status":"closed","ping_status":"open","sticky":false,"template":"","format":"standard","meta":{"_lmt_disableupdate":"","_lmt_disable":"","_jetpack_memberships_contains_paid_content":false,"footnotes":""},"categories":[109,51],"tags":[133],"class_list":["post-5910","post","type-post","status-publish","format-standard","has-post-thumbnail","hentry","category-minuto-a-minuto","category-zona-roja","tag-santa-cruz-xoxocotlan"],"jetpack_featured_media_url":"https:\/\/zonaroja.com.mx\/wp-content\/uploads\/2019\/11\/ezy-watermark_20-11-2019_12-37-43p.-m..jpg","jetpack_sharing_enabled":true,"_links":{"self":[{"href":"https:\/\/zonaroja.com.mx\/index.php?rest_route=\/wp\/v2\/posts\/5910","targetHints":{"allow":["GET"]}}],"collection":[{"href":"https:\/\/zonaroja.com.mx\/index.php?rest_route=\/wp\/v2\/posts"}],"about":[{"href":"https:\/\/zonaroja.com.mx\/index.php?rest_route=\/wp\/v2\/types\/post"}],"author":[{"embeddable":true,"href":"https:\/\/zonaroja.com.mx\/index.php?rest_route=\/wp\/v2\/users\/2"}],"replies":[{"embeddable":true,"href":"https:\/\/zonaroja.com.mx\/index.php?rest_route=%2Fwp%2Fv2%2Fcomments&post=5910"}],"version-history":[{"count":1,"href":"https:\/\/zonaroja.com.mx\/index.php?rest_route=\/wp\/v2\/posts\/5910\/revisions"}],"predecessor-version":[{"id":5911,"href":"https:\/\/zonaroja.com.mx\/index.php?rest_route=\/wp\/v2\/posts\/5910\/revisions\/5911"}],"wp:featuredmedia":[{"embeddable":true,"href":"https:\/\/zonaroja.com.mx\/index.php?rest_route=\/wp\/v2\/media\/5909"}],"wp:attachment":[{"href":"https:\/\/zonaroja.com.mx\/index.php?rest_route=%2Fwp%2Fv2%2Fmedia&parent=5910"}],"wp:term":[{"taxonomy":"category","embeddable":true,"href":"https:\/\/zonaroja.com.mx\/index.php?rest_route=%2Fwp%2Fv2%2Fcategories&post=5910"},{"taxonomy":"post_tag","embeddable":true,"href":"https:\/\/zonaroja.com.mx\/index.php?rest_route=%2Fwp%2Fv2%2Ftags&post=5910"}],"curies":[{"name":"wp","href":"https:\/\/api.w.org\/{rel}","templated":true}]}}