{"id":59100,"date":"2023-08-24T23:10:32","date_gmt":"2023-08-25T04:10:32","guid":{"rendered":"http:\/\/www.zonaroja.com.mx\/?p=59100"},"modified":"2023-08-24T23:10:35","modified_gmt":"2023-08-25T04:10:35","slug":"con-marchas-y-bloqueos-doblega-sindicato-magisterial-al-ieepo","status":"publish","type":"post","link":"https:\/\/zonaroja.com.mx\/?p=59100","title":{"rendered":"Con marchas y bloqueos doblega sindicato magisterial al IEEPO"},"content":{"rendered":"\n<p>Ismael Garc\u00eda M.\/Zona Roja.<\/p>\n\n\n\n<p>Oaxaca de Ju\u00e1rez, Oax., a 24 de agosto de 2023.- Una marcha y medio d\u00eda de bloqueos carreteros en las regiones Valles Centrales e Istmo bastaron para obligar al Instituto Estatal de Educaci\u00f3n P\u00fablica de Oaxaca y a la Secretar\u00eda de Gobierno a atender demandas de un peque\u00f1o gremio magisterial.<\/p>\n\n\n\n<p>Alrededor de las siete de la ma\u00f1ana, integrantes del Sindicato Independiente de Trabajadores de la Educaci\u00f3n de M\u00e9xico (SITEM) bloquearon la carretera federal 190 en el Istmo, a la altura del llamado puente \u201ccaracol\u201d, en el acceso a Tehuantepec.<\/p>\n\n\n\n<p>Mientras que otro grupo de docentes, encabezados por su dirigente Humberto Alcal\u00e1 Betanzos, march\u00f3 sobre la misma vialidad pero desde inmediaciones de San Francisco Lachigol\u00f3 hasta el crucero a Rojas de Cuauht\u00e9moc.<\/p>\n\n\n\n<p>Ah\u00ed bloquearon el pasado vehicular por al menos cinco horas, para exigir al titular del IEEPO, Emilio Montero P\u00e9rez, una mesa de trabajo para atender las demandas, entre ellas la renuncia de funcionarios estatales.<\/p>\n\n\n\n<p>\u201cTenemos aproximadamente seis meses intentando instalar una mesa de negociaci\u00f3n con el IEEPO, porque traemos una serie de problem\u00e1ticas que tienen que ver con nuestros alumnos; no es un tema particular de los maestros, es de los ni\u00f1os.<\/p>\n\n\n\n<p>\u201cAtendemos a alrededor de 30 mil ni\u00f1os en el estado y tenemos problemas para subir a plataforma los datos de los ni\u00f1os, ante la SEP, para validar los estudios; el IEEPO no nos da la clave para accesar y eso nos pone en un problema serio\u201d, dijo Alcal\u00e1 Betanzos.<\/p>\n\n\n\n<p>El secretario General de la gremial reproch\u00f3 que en lugar de ello, la instituci\u00f3n p\u00fablica otorga la clave al personal de la Secci\u00f3n 22 del SNTE; adem\u00e1s, hay retraso en la entrega de uniformes para los alumnos; aunado a ello, no hay becas para los alumnos que atienden.<\/p>\n\n\n\n<p>Tampoco han recibido dotaci\u00f3n de mobiliarios desde hace 10 a\u00f1os; \u201chay una injusticia, hay un trato desigual a nuestros ni\u00f1os. A ello se suma que llega al Instituto en el nivel de Primaria una persona de nombre Miguel \u00c1ngel, quien se ha dedicado a perseguir a los maestros\u201d, indic\u00f3.<\/p>\n\n\n\n<p>Tras el bloqueo, despu\u00e9s del mediod\u00eda la dirigencia fue llamada a una mesa de di\u00e1logo con el Gobierno del Estado, tras lo cual se desactivo la movilizaci\u00f3n, aunque hasta esta noche no se ha informado de los acuerdos.<\/p>\n\n\n\n<figure class=\"wp-block-embed is-type-rich is-provider-twitter wp-block-embed-twitter\"><div class=\"wp-block-embed__wrapper\">\n<div class=\"twitter-tweet\"><blockquote class=\"twitter-tweet\" data-lang=\"es\"><p lang=\"es\" dir=\"ltr\">La irresponsabilidad del titular del <a href=\"https:\/\/twitter.com\/IEEPOGobOax?ref_src=twsrc%5Etfw\">@IEEPOGobOax<\/a>, <a href=\"https:\/\/twitter.com\/EMILIOMONTEROP?ref_src=twsrc%5Etfw\">@emiliomonterop<\/a>, por no atender desde hace medio a\u00f1o demandas del Sindicato Independiente de Trabajadores de la Educaci\u00f3n de M\u00e9xico, fue la causa de los bloqueos en el Istmo y Valles.<br>As\u00ed lo explica el dirigente de esa gremial,\u2026 <a href=\"https:\/\/t.co\/LkywtLs90R\">pic.twitter.com\/LkywtLs90R<\/a><\/p>&mdash; Zona Roja Oaxaca (@ZonaRoja_Oaxaca) <a href=\"https:\/\/twitter.com\/ZonaRoja_Oaxaca\/status\/1694784052421873749?ref_src=twsrc%5Etfw\">24 de agosto de 2023<\/a><\/blockquote><\/div>\n<\/div><\/figure>\n","protected":false},"excerpt":{"rendered":"<p>Ismael Garc\u00eda M.\/Zona Roja. Oaxaca de Ju\u00e1rez, Oax., a 24 de agosto de 2023.- Una&hellip;<\/p>\n","protected":false},"author":2,"featured_media":59087,"comment_status":"closed","ping_status":"open","sticky":false,"template":"","format":"standard","meta":{"_lmt_disableupdate":"","_lmt_disable":"","_jetpack_memberships_contains_paid_content":false,"footnotes":""},"categories":[109,47],"tags":[3659],"class_list":["post-59100","post","type-post","status-publish","format-standard","has-post-thumbnail","hentry","category-minuto-a-minuto","category-zona-gris","tag-sindicato-independiente-de-trabajadores-de-la-educacion-sitem"],"jetpack_featured_media_url":"https:\/\/zonaroja.com.mx\/wp-content\/uploads\/2023\/08\/SITEM-Humberto-Alcala.jpg","jetpack_sharing_enabled":true,"_links":{"self":[{"href":"https:\/\/zonaroja.com.mx\/index.php?rest_route=\/wp\/v2\/posts\/59100","targetHints":{"allow":["GET"]}}],"collection":[{"href":"https:\/\/zonaroja.com.mx\/index.php?rest_route=\/wp\/v2\/posts"}],"about":[{"href":"https:\/\/zonaroja.com.mx\/index.php?rest_route=\/wp\/v2\/types\/post"}],"author":[{"embeddable":true,"href":"https:\/\/zonaroja.com.mx\/index.php?rest_route=\/wp\/v2\/users\/2"}],"replies":[{"embeddable":true,"href":"https:\/\/zonaroja.com.mx\/index.php?rest_route=%2Fwp%2Fv2%2Fcomments&post=59100"}],"version-history":[{"count":1,"href":"https:\/\/zonaroja.com.mx\/index.php?rest_route=\/wp\/v2\/posts\/59100\/revisions"}],"predecessor-version":[{"id":59101,"href":"https:\/\/zonaroja.com.mx\/index.php?rest_route=\/wp\/v2\/posts\/59100\/revisions\/59101"}],"wp:featuredmedia":[{"embeddable":true,"href":"https:\/\/zonaroja.com.mx\/index.php?rest_route=\/wp\/v2\/media\/59087"}],"wp:attachment":[{"href":"https:\/\/zonaroja.com.mx\/index.php?rest_route=%2Fwp%2Fv2%2Fmedia&parent=59100"}],"wp:term":[{"taxonomy":"category","embeddable":true,"href":"https:\/\/zonaroja.com.mx\/index.php?rest_route=%2Fwp%2Fv2%2Fcategories&post=59100"},{"taxonomy":"post_tag","embeddable":true,"href":"https:\/\/zonaroja.com.mx\/index.php?rest_route=%2Fwp%2Fv2%2Ftags&post=59100"}],"curies":[{"name":"wp","href":"https:\/\/api.w.org\/{rel}","templated":true}]}}