{"id":59102,"date":"2023-08-25T07:44:13","date_gmt":"2023-08-25T12:44:13","guid":{"rendered":"http:\/\/www.zonaroja.com.mx\/?p=59102"},"modified":"2023-08-25T07:44:16","modified_gmt":"2023-08-25T12:44:16","slug":"familia-de-oaxaqueno-muerto-en-canada-califican-de-irresponsable-a-policia","status":"publish","type":"post","link":"https:\/\/zonaroja.com.mx\/?p=59102","title":{"rendered":"Familia de oaxaque\u00f1o muerto en Canad\u00e1 califican de irresponsable a polic\u00eda"},"content":{"rendered":"\n<p>Redacci\u00f3n\/Zona Roja Cdmx.<\/p>\n\n\n\n<p>Ciudad de M\u00e9xico, a 25 de agosto de 2023.-&nbsp;<\/p>\n\n\n\n<p>La familia del mexicano Carlos Tom\u00e1s Aranda Bugoin, quien desapareci\u00f3 desde el pasado 7 de julio en la provincia de Columbia Brit\u00e1nica, calific\u00f3 de \u201cirresponsable\u201d a la Real Polic\u00eda Montada de Canad\u00e1 (RCMP), luego de que se confirmara que el cuerpo hallado en el lago Osoyoos hace dos d\u00edas, corresponde a su familiar.<\/p>\n\n\n\n<p>Adem\u00e1s, conden\u00f3 la \u201cmala fe y falta de profesionalismo\u201d de parte de ese cuerpo de seguridad, toda vez que, en una clara violaci\u00f3n a los derechos humanos, \u201crealiz\u00f3 una aseveraci\u00f3n relativa a la identidad de un cuerpo hallado en un lago de la regi\u00f3n \u201csin tener un m\u00ednimo sustento cient\u00edfico\u201d, debido a que no se le ha practicado el protocolo de necropsia de ley.<\/p>\n\n\n\n<p>Esto luego de que la RPMC confirm\u00f3 que los restos hallados el pasado martes en aguas del lago de Osoyoos, corresponden al cuerpo del mexicano Carlos Tom\u00e1s. Sin embargo, la familia del joven de 30 a\u00f1os precis\u00f3 en un comunicado que \u201ca\u00fan no se ha realizado un proceso cient\u00edfico pericial para determinar la identidad de los restos hallados\u201d.<\/p>\n\n\n\n<p>Tambi\u00e9n se\u00f1alaron que la muestra de ADN, es la \u201c\u00fanica v\u00eda\u201d, asegur\u00f3 la propia Polic\u00eda a la familia, \u201cque permitir\u00eda determinar con precisi\u00f3n si se podr\u00eda tratar de Carlos Tom\u00e1s, dado el estado de descomposici\u00f3n en el que se encontraba\u201d.<\/p>\n\n\n\n<p>En el informe enviado por el hermano de Carlos Tom\u00e1s, Josu\u00e9 Aranda Bugoin, tambi\u00e9n se deja claro \u201cque no se le han tomado muestras de ADN al padre del joven desaparecido a\u00fan cuando se hab\u00eda fijado como fecha para el procedimiento este 25 de agosto\u201d.<\/p>\n\n\n\n<p>Y acusaron que el dictamen de reconocimiento de los restos humanos se emiti\u00f3 a trav\u00e9s de \u201cun experto en fotograf\u00edas forenses faltando a la \u00e9tica y pasando por encima de los derechos de Carlos y su familia\u201d.<\/p>\n\n\n\n<p>Aranda Burgoin, de origen oaxaque\u00f1o, viv\u00eda en la ciudad de Oaxaca, capital del estado del mismo nombre en el sur de M\u00e9xico, y hab\u00eda viajado a Canad\u00e1 para conocer proyectos tur\u00edsticos sustentables para enriquecer sus estudios y aplicarlos en Oaxaca, narr\u00f3 su hermano Josu\u00e9 Aranda Burgoin, antes de conocer que el cuerpo hab\u00eda sido localizado.<\/p>\n\n\n\n<p>Para costear su viaje, Carlos Tom\u00e1s Aranda Burgoin ahorr\u00f3 durante un a\u00f1o explic\u00f3 Josu\u00e9 Aranda, \u201cquiso viajar para conocer, sac\u00f3 su pasaporte y visa de turismo y vendi\u00f3 algunos bienes como una motocicleta para poder costear el viaje y el vuelo\u201d, relat\u00f3<\/p>\n\n\n\n<p>Ante la desaparici\u00f3n de su hijo, desde finales de julio, el padre de Carlos Tom\u00e1s solicit\u00f3 a la Secretar\u00eda de Relaciones Exteriores (SRE, Canciller\u00eda) de M\u00e9xico un pasaporte de emergencia para viajar a Canad\u00e1 donde comenz\u00f3 una b\u00fasqueda por su cuenta.<\/p>\n\n\n\n<p>Para ello, familiares y amigos organizaron rifas y colectas para allegarse recursos econ\u00f3micos y que su pap\u00e1 pudiera viajar.<\/p>\n\n\n\n<p>Tras conocer la noticia, el gremio de meseros y prestadores de servicios tur\u00edsticos de Oaxaca escribi\u00f3 en redes sociales un mensaje de condolencia para los familiares de Aranda Burgoin.<\/p>\n\n\n\n<p>El mi\u00e9rcoles, la Canciller\u00eda mexicana inform\u00f3 que la RCMP hab\u00eda localizado el presunto cuerpo del mexicano Carlos Tom\u00e1s, quien fue visto por \u00faltima vez el 7 de julio pasado.<\/p>\n\n\n\n<p>Adem\u00e1s, dijo que el m\u00e9dico forense llevar\u00eda a cabo las pruebas correspondientes a partir de muestras de ADN \u201cpara corroborar si en efecto se trata de Carlos Tom\u00e1s.<\/p>\n\n\n\n<p>En el comunicado, el Gobierno de M\u00e9xico, a trav\u00e9s de la Canciller\u00eda, se\u00f1al\u00f3 que \u201cacompa\u00f1ar\u00eda a la familia Aranda Burgoin para brindarles toda la asistencia consular que se requiere, as\u00ed como el acompa\u00f1amiento ante autoridades canadienses\u201d.<\/p>\n\n\n\n<p>(Con informaci\u00f3n de EFE, en L\u00f3pez-D\u00f3riga Digital)<\/p>\n","protected":false},"excerpt":{"rendered":"<p>Redacci\u00f3n\/Zona Roja Cdmx. Ciudad de M\u00e9xico, a 25 de agosto de 2023.-&nbsp; La familia del&hellip;<\/p>\n","protected":false},"author":2,"featured_media":59103,"comment_status":"closed","ping_status":"open","sticky":false,"template":"","format":"standard","meta":{"_lmt_disableupdate":"","_lmt_disable":"","_jetpack_memberships_contains_paid_content":false,"footnotes":""},"categories":[109,47],"tags":[3613],"class_list":["post-59102","post","type-post","status-publish","format-standard","has-post-thumbnail","hentry","category-minuto-a-minuto","category-zona-gris","tag-carlos-tomas-aranda-burgoin-canada"],"jetpack_featured_media_url":"https:\/\/zonaroja.com.mx\/wp-content\/uploads\/2023\/08\/Carlos-Aranda-Burgoin-Canada.jpeg","jetpack_sharing_enabled":true,"_links":{"self":[{"href":"https:\/\/zonaroja.com.mx\/index.php?rest_route=\/wp\/v2\/posts\/59102","targetHints":{"allow":["GET"]}}],"collection":[{"href":"https:\/\/zonaroja.com.mx\/index.php?rest_route=\/wp\/v2\/posts"}],"about":[{"href":"https:\/\/zonaroja.com.mx\/index.php?rest_route=\/wp\/v2\/types\/post"}],"author":[{"embeddable":true,"href":"https:\/\/zonaroja.com.mx\/index.php?rest_route=\/wp\/v2\/users\/2"}],"replies":[{"embeddable":true,"href":"https:\/\/zonaroja.com.mx\/index.php?rest_route=%2Fwp%2Fv2%2Fcomments&post=59102"}],"version-history":[{"count":1,"href":"https:\/\/zonaroja.com.mx\/index.php?rest_route=\/wp\/v2\/posts\/59102\/revisions"}],"predecessor-version":[{"id":59104,"href":"https:\/\/zonaroja.com.mx\/index.php?rest_route=\/wp\/v2\/posts\/59102\/revisions\/59104"}],"wp:featuredmedia":[{"embeddable":true,"href":"https:\/\/zonaroja.com.mx\/index.php?rest_route=\/wp\/v2\/media\/59103"}],"wp:attachment":[{"href":"https:\/\/zonaroja.com.mx\/index.php?rest_route=%2Fwp%2Fv2%2Fmedia&parent=59102"}],"wp:term":[{"taxonomy":"category","embeddable":true,"href":"https:\/\/zonaroja.com.mx\/index.php?rest_route=%2Fwp%2Fv2%2Fcategories&post=59102"},{"taxonomy":"post_tag","embeddable":true,"href":"https:\/\/zonaroja.com.mx\/index.php?rest_route=%2Fwp%2Fv2%2Ftags&post=59102"}],"curies":[{"name":"wp","href":"https:\/\/api.w.org\/{rel}","templated":true}]}}