{"id":59117,"date":"2023-08-25T12:30:00","date_gmt":"2023-08-25T17:30:00","guid":{"rendered":"http:\/\/www.zonaroja.com.mx\/?p=59117"},"modified":"2023-08-25T08:27:43","modified_gmt":"2023-08-25T13:27:43","slug":"a-4-dias-de-inicio-de-clases-suman-6-estados-que-han-frenado-libros","status":"publish","type":"post","link":"https:\/\/zonaroja.com.mx\/?p=59117","title":{"rendered":"A 4 d\u00edas de inicio de clases, suman 6 estados que han frenado libros"},"content":{"rendered":"\n<p>Redacci\u00f3n\/Zona Roja Cdmx.<\/p>\n\n\n\n<p>Ciudad de M\u00e9xico, a 25 de agosto de 2023.- El Estado de M\u00e9xico se sum\u00f3 a las entidades federativas con resoluciones judiciales que han suspendido la entrega de los libros de texto gratuitos, con lo que suman seis los estados donde se ha anunciado que no se distribuir\u00e1n los nuevos ejemplares de la Secretar\u00eda de Educaci\u00f3n P\u00fablica (SEP) a cuatro d\u00edas de que inicie el ciclo escolar 2023-2024.<\/p>\n\n\n\n<p>Guanajuato contin\u00faa evaluando si distribuye o no los materiales educativos, pero hasta ahora se hab\u00eda inclinado por no hacerlo.<\/p>\n\n\n\n<p>En el caso del Estado de M\u00e9xico, un juez federal concedi\u00f3 este jueves una suspensi\u00f3n provisional contra el reparto de los ejemplares.<\/p>\n\n\n\n<p>La distribuci\u00f3n se detuvo en esta entidad federativa porque la SEP imprimi\u00f3 los libros y comenz\u00f3 su reparto antes de publicar los programas de estudio sint\u00e9ticos en los que se deben basar los contenidos de los ejemplares.<\/p>\n\n\n\n<p>El juez consider\u00f3, adem\u00e1s, que la autoridad educativa incumpli\u00f3 con el proceso legal para emitir los libros al no publicar en el Diario Oficial de la Federaci\u00f3n (DOF) la lista de los materiales que se utilizar\u00e1n este a\u00f1o escolar.<\/p>\n\n\n\n<p>OTROS AMPAROS<\/p>\n\n\n\n<p>La batalla judicial en contra de los libros de texto gratuitos inici\u00f3 desde mayo, cuando una jueza federal concedi\u00f3 a la Uni\u00f3n Nacional de Padres de Familia la suspensi\u00f3n definitiva de la distribuci\u00f3n si la SEP no comprobaba que sigui\u00f3 el procedimiento legal para su emisi\u00f3n.<\/p>\n\n\n\n<p>Sin embargo, la SEP continu\u00f3 con la impresi\u00f3n y entrega de los materiales con el argumento de que no existe ning\u00fan impedimento judicial para hacerlo.<\/p>\n\n\n\n<p>Ante estas acciones, la jueza federal Yadira Medina Alc\u00e1ntara, quien concedi\u00f3 el amparo a la UNPF, determin\u00f3 este martes que la SEP ha cometido ilegalidades con los libros de texto gratuitos.<\/p>\n\n\n\n<p>En una resoluci\u00f3n, explic\u00f3 que la autoridad educativo inici\u00f3 la impresi\u00f3n de los libros de primaria en enero de este a\u00f1o, pese a que no hab\u00eda publicado los programas anal\u00edticos.<\/p>\n\n\n\n<p>Aunque el nuevo plan de estudio para la educaci\u00f3n b\u00e1sica se public\u00f3 en 2022, la SEP difundi\u00f3 en el DOF los programas anal\u00edticos hasta el 15 de agosto de 2023. Es decir, imprimi\u00f3 algunos libros antes de publicar los programas.<\/p>\n\n\n\n<p>Adem\u00e1s de las pol\u00e9micas y los amparos en contras de la distribuci\u00f3n de los libros, tambi\u00e9n hay recursos judiciales pendientes contra el nuevo plan de estudio.<\/p>\n\n\n\n<p>(Informaci\u00f3n de \u201cExpansi\u00f3n Pol\u00edtica\u201d)<\/p>\n","protected":false},"excerpt":{"rendered":"<p>Redacci\u00f3n\/Zona Roja Cdmx. Ciudad de M\u00e9xico, a 25 de agosto de 2023.- El Estado de&hellip;<\/p>\n","protected":false},"author":2,"featured_media":12701,"comment_status":"closed","ping_status":"open","sticky":false,"template":"","format":"standard","meta":{"_lmt_disableupdate":"","_lmt_disable":"","_jetpack_memberships_contains_paid_content":false,"footnotes":""},"categories":[109,47],"tags":[3643],"class_list":["post-59117","post","type-post","status-publish","format-standard","has-post-thumbnail","hentry","category-minuto-a-minuto","category-zona-gris","tag-libros-de-texto-gratuito-mexico"],"jetpack_featured_media_url":"https:\/\/zonaroja.com.mx\/wp-content\/uploads\/2020\/05\/Libros-de-texto-gratuitos-clave-para-el-aprendizaje-en-casa-que-el-IEEPO-recomienda-consultar1.jpeg","jetpack_sharing_enabled":true,"_links":{"self":[{"href":"https:\/\/zonaroja.com.mx\/index.php?rest_route=\/wp\/v2\/posts\/59117","targetHints":{"allow":["GET"]}}],"collection":[{"href":"https:\/\/zonaroja.com.mx\/index.php?rest_route=\/wp\/v2\/posts"}],"about":[{"href":"https:\/\/zonaroja.com.mx\/index.php?rest_route=\/wp\/v2\/types\/post"}],"author":[{"embeddable":true,"href":"https:\/\/zonaroja.com.mx\/index.php?rest_route=\/wp\/v2\/users\/2"}],"replies":[{"embeddable":true,"href":"https:\/\/zonaroja.com.mx\/index.php?rest_route=%2Fwp%2Fv2%2Fcomments&post=59117"}],"version-history":[{"count":1,"href":"https:\/\/zonaroja.com.mx\/index.php?rest_route=\/wp\/v2\/posts\/59117\/revisions"}],"predecessor-version":[{"id":59118,"href":"https:\/\/zonaroja.com.mx\/index.php?rest_route=\/wp\/v2\/posts\/59117\/revisions\/59118"}],"wp:featuredmedia":[{"embeddable":true,"href":"https:\/\/zonaroja.com.mx\/index.php?rest_route=\/wp\/v2\/media\/12701"}],"wp:attachment":[{"href":"https:\/\/zonaroja.com.mx\/index.php?rest_route=%2Fwp%2Fv2%2Fmedia&parent=59117"}],"wp:term":[{"taxonomy":"category","embeddable":true,"href":"https:\/\/zonaroja.com.mx\/index.php?rest_route=%2Fwp%2Fv2%2Fcategories&post=59117"},{"taxonomy":"post_tag","embeddable":true,"href":"https:\/\/zonaroja.com.mx\/index.php?rest_route=%2Fwp%2Fv2%2Ftags&post=59117"}],"curies":[{"name":"wp","href":"https:\/\/api.w.org\/{rel}","templated":true}]}}