{"id":59129,"date":"2023-08-25T18:10:39","date_gmt":"2023-08-25T23:10:39","guid":{"rendered":"http:\/\/www.zonaroja.com.mx\/?p=59129"},"modified":"2023-08-25T18:10:41","modified_gmt":"2023-08-25T23:10:41","slug":"estallan-al-ieepo-conflictos-escolares-a-escasos-dias-de-iniciar-nuevo-ciclo-escolar-en-oaxaca","status":"publish","type":"post","link":"https:\/\/zonaroja.com.mx\/?p=59129","title":{"rendered":"Estallan al IEEPO conflictos escolares, a escasos d\u00edas de iniciar nuevo ciclo escolar en Oaxaca"},"content":{"rendered":"\n<p>Yuridiana Sosa\/Zona Roja.&nbsp;<\/p>\n\n\n\n<p>Oaxaca de Ju\u00e1rez, Oax., a 25 de agosto de 2023.- A tres d\u00edas del inicio del nuevo ciclo escolar 2023-2024, se siguen registrando conflictos en escuelas de nivel b\u00e1sico, ante la desatenci\u00f3n del Instituto Estatal de Educaci\u00f3n P\u00fablica de Oaxaca (IEEPO) y otros hasta por presuntamente ser provocados por la autoridad.\u00a0<\/p>\n\n\n\n<p>Padres de familia y docentes de escuelas de nivel preescolar y primaria han denunciado en los \u00faltimos d\u00edas las complicaciones que han surgido en sus planteles sin que el titular del IEEPO, Emilio Montero P\u00e9rez, atienda los casos, algunos de ellos han derivado en \u201ctomas\u201d de escuelas y despidos injustificados.<\/p>\n\n\n\n<p>La m\u00e1s reciente denuncia la realiz\u00f3 el comit\u00e9 de padres de familia de la primaria \u201cBenito Ju\u00e1rez\u201d, de la ciudad de Oaxaca, el cual se\u00f1al\u00f3 actos arbitrarios de la Unidad de Primarias del IEEPO para destituir al director, Enrique Cerero Goudi\u00f1o, a lo cual se oponen.<\/p>\n\n\n\n<p>Los representantes de los padres y madres de familia, encabezados por Juan Narv\u00e1ez Andr\u00e9s, manifestaron su respaldo al director para que permanezca en su cargo, adem\u00e1s de su rechazo a la determinaci\u00f3n del IEEPO a pocos d\u00edas del inicio del nuevo ciclo.&nbsp;<\/p>\n\n\n\n<p>Por acuerdo de padres de familia, apuntaron, no permitir\u00e1n que ninguna persona ajena a la instituci\u00f3n ocupe el lugar de Cererero Goudi\u00f1o, y desestabilice el orden que existe en la escuela.&nbsp;<\/p>\n\n\n\n<p>El director de la primaria presuntamente cometi\u00f3 irregularidades en sus funciones y abuso de autoridad, sin embargo, el Comit\u00e9 de Padres indic\u00f3 que todas las acciones que se llevan a cabo en el plantel, desde talleres, venta de uniformes escolares en la instituci\u00f3n, entre otras, son acordadas por la asamblea, por lo que descartaron imposiciones.<\/p>\n\n\n\n<p>Por el contrario, denunciaron que el IEEPO ha sido omiso en el cumplimiento de sus obligaciones, pues son los padres de familia los que pagan con sus cuotas a las dos docentes de ingl\u00e9s.&nbsp;<\/p>\n\n\n\n<p>EXIGEN DESTITUCI\u00d3N<\/p>\n\n\n\n<p>D\u00edas antes, el 23 de agosto, padres de familia de la escuela primaria \u201cPaul Percy Harris\u201d de la agencia de Santa Rosa Panzacola, de la capital oaxaque\u00f1a, \u201ctomaron\u201d las instalaciones para exigir la salida del director Miguel \u00c1ngel P\u00e9rez P\u00e9rez, a quien acusan que, en contubernio con la presidenta del Comit\u00e9 de Padres, Argelia Fabiola Jim\u00e9nez Ant\u00fanez, manejan el recurso a su voluntad.<\/p>\n\n\n\n<p>Los padres demandaron una mesa de di\u00e1logo con las autoridades del IEEPO para que se esclarezca el tema y este conflicto no afecte el inicio de clases el pr\u00f3ximo lunes.<\/p>\n\n\n\n<p>Mientras que el pasado lunes 21 de agosto, la directora de la escuela primaria \u201cLibertad\u201d, ubicada en Villa de Zaachila, Petra V\u00e1squez, denunci\u00f3 que integrantes de la Secci\u00f3n 22 del SNTE, en complicidad con autoridades del IEEPO, pretenden destituirla de su cargo s\u00f3lo por exigir rendici\u00f3n de cuentas.&nbsp;<\/p>\n\n\n\n<p>La profesora indic\u00f3 que solicit\u00f3 al Comit\u00e9 de Padres de Familia, apoyado por integrantes del sindicato, cuentas claras sobre la obra de la plaza c\u00edvica que se realiza por medio del programa \u201cLa escuela es nuestra\u201d, lo que origin\u00f3 el problema.<\/p>\n\n\n\n<p>Sin embargo, algunos miembros del Comit\u00e9 denunciaron ante el IEEPO presuntos irregularidades de la profesora en su labor como directora y sin que hubiera una investigaci\u00f3n, la autoridad decidi\u00f3 retirarla de su cargo.<\/p>\n\n\n\n<p>Ante el respaldo de padres de familia, y compa\u00f1eros, el IEEPO agend\u00f3 una reuni\u00f3n con la directora para llegar a un acuerdo y determinar su situaci\u00f3n.<\/p>\n\n\n\n<p>OMISI\u00d3N<\/p>\n\n\n\n<p>Por otra parte, el domingo, padres de familia del jard\u00edn de ni\u00f1os \u201cMar\u00eda de Jes\u00fas Vivas de Castillo\u201d, del Infonavit Primera Etapa, en la capital, que mantienen la \u201ctoma\u201d del plantel, denunciaron de manera p\u00fablica a la directora Cinthia Morales Guzm\u00e1n de diferentes irregularidades.<\/p>\n\n\n\n<p>Ante la omisi\u00f3n del IEEPO a su queja, los padres volvieron a alzar la voz para se\u00f1alar que la directora y un grupo de choque del Sindicato Independiente de Trabajadores de la Educaci\u00f3n de M\u00e9xico (SITEM) pretenden recuperar esta escuela con violencia.<\/p>\n\n\n\n<p>La directora ha sido denunciada de manera formal ante el IEEPO de diversos actos de abuso y violencia f\u00edsica, psicol\u00f3gica tanto a alumnos, padres y contra algunos docentes.<\/p>\n\n\n\n<p>Entre las acciones de Morales Guzm\u00e1n est\u00e1 fomentar el divisionismo entre los padres de familia al inventar acusaciones contra la tesorera y presidente del Comit\u00e9, pues no la dejan manejar a libre demanda el recurso del programa \u201cLa escuela es nuestra\u201d.<\/p>\n\n\n\n<p>Los padres urgen la intervenci\u00f3n del IEEPO antes del inicio de clases para no afectar el inicio del ciclo escolar.<\/p>\n","protected":false},"excerpt":{"rendered":"<p>Yuridiana Sosa\/Zona Roja.&nbsp; Oaxaca de Ju\u00e1rez, Oax., a 25 de agosto de 2023.- A tres&hellip;<\/p>\n","protected":false},"author":2,"featured_media":59131,"comment_status":"closed","ping_status":"open","sticky":false,"template":"","format":"standard","meta":{"_lmt_disableupdate":"","_lmt_disable":"","_jetpack_memberships_contains_paid_content":false,"footnotes":""},"categories":[109,47],"tags":[2837],"class_list":["post-59129","post","type-post","status-publish","format-standard","has-post-thumbnail","hentry","category-minuto-a-minuto","category-zona-gris","tag-instituto-estatal-de-educacion-publica-de-oaxaca-ieepo"],"jetpack_featured_media_url":"https:\/\/zonaroja.com.mx\/wp-content\/uploads\/2023\/08\/Conferencia-de-prensa-escuela-Benito-Juarez.jpg","jetpack_sharing_enabled":true,"_links":{"self":[{"href":"https:\/\/zonaroja.com.mx\/index.php?rest_route=\/wp\/v2\/posts\/59129","targetHints":{"allow":["GET"]}}],"collection":[{"href":"https:\/\/zonaroja.com.mx\/index.php?rest_route=\/wp\/v2\/posts"}],"about":[{"href":"https:\/\/zonaroja.com.mx\/index.php?rest_route=\/wp\/v2\/types\/post"}],"author":[{"embeddable":true,"href":"https:\/\/zonaroja.com.mx\/index.php?rest_route=\/wp\/v2\/users\/2"}],"replies":[{"embeddable":true,"href":"https:\/\/zonaroja.com.mx\/index.php?rest_route=%2Fwp%2Fv2%2Fcomments&post=59129"}],"version-history":[{"count":1,"href":"https:\/\/zonaroja.com.mx\/index.php?rest_route=\/wp\/v2\/posts\/59129\/revisions"}],"predecessor-version":[{"id":59132,"href":"https:\/\/zonaroja.com.mx\/index.php?rest_route=\/wp\/v2\/posts\/59129\/revisions\/59132"}],"wp:featuredmedia":[{"embeddable":true,"href":"https:\/\/zonaroja.com.mx\/index.php?rest_route=\/wp\/v2\/media\/59131"}],"wp:attachment":[{"href":"https:\/\/zonaroja.com.mx\/index.php?rest_route=%2Fwp%2Fv2%2Fmedia&parent=59129"}],"wp:term":[{"taxonomy":"category","embeddable":true,"href":"https:\/\/zonaroja.com.mx\/index.php?rest_route=%2Fwp%2Fv2%2Fcategories&post=59129"},{"taxonomy":"post_tag","embeddable":true,"href":"https:\/\/zonaroja.com.mx\/index.php?rest_route=%2Fwp%2Fv2%2Ftags&post=59129"}],"curies":[{"name":"wp","href":"https:\/\/api.w.org\/{rel}","templated":true}]}}