{"id":5913,"date":"2019-11-20T15:19:11","date_gmt":"2019-11-20T21:19:11","guid":{"rendered":"https:\/\/www.zonaroja.com.mx\/?p=5913"},"modified":"2019-11-20T15:19:13","modified_gmt":"2019-11-20T21:19:13","slug":"sin-rastro-de-comerciante-desaparecido-en-jalapa-de-diaz-donde-ejecutaron-a-otro","status":"publish","type":"post","link":"https:\/\/zonaroja.com.mx\/?p=5913","title":{"rendered":"Sin rastro de comerciante desaparecido en Jalapa de D\u00edaz, donde ejecutaron a otro"},"content":{"rendered":"\n<p class=\"p1\">Redacci\u00f3n\/Zona Roja.<\/p>\n\n\n\n<p class=\"p1\">Oaxaca de Ju\u00e1rez, Oax., 20 de noviembre de 2019.- Efra\u00edn Fortunato G\u00e1lvez Macario, de 42 a\u00f1os de edad, fue visto por \u00faltima vez el pasado&nbsp;<a href=\"\/\/0\">s\u00e1bado por la noche<\/a>&nbsp;en el municipio de San Felipe Jalapa de D\u00edaz, perteneciente a la regi\u00f3n de la Cuenca, luego de que su familia fuera v\u00edctima de un ataque armado.&nbsp;<\/p>\n\n\n\n<p class=\"p1\">En esos mismos hechos fue ejecutado otro individuo, hermano del desaparecido, por parte de un grupo delictivo, que adem\u00e1s atac\u00f3 a una partida de la Polic\u00eda Municipal; los casos permanecen en la impunidad.<\/p>\n\n\n\n<p class=\"p1\">De acuerdo con la ficha emitida por la Unidad de B\u00fasqueda de Personas Desaparecidas y No Localizadas, el desaparecido -presuntamente secuestrado- vest\u00eda pantal\u00f3n de mezclilla color azul, playera color naranja con franjas delgadas de color blanco y negro, as\u00ed mismo calza botas de color negro.&nbsp;<\/p>\n\n\n\n<p class=\"p1\">Fue visto por \u00faltima vez luego de que un&nbsp;comando atac\u00f3 a su familia en una bodega de ma\u00edz ubicado junto a las instalaciones del DIF municipal, en la agencia de Arroyo Venado, cerca de la carretera federal, de acuerdo con informaci\u00f3n de las corporaciones polic\u00edacas.<\/p>\n\n\n\n<p class=\"p1\">En el lugar muri\u00f3 Juan Manuel G\u00e1lvez Macario, de 46 a\u00f1os de edad, debido a los impactos de bala, mientras que Efra\u00edn Fortunato qued\u00f3 en calidad de desaparecido y hasta el momento no ha sido localizado.<\/p>\n\n\n\n<p class=\"p1\">Familiares de las v\u00edctimas lamentaron que tuvieran que pasar m\u00e1s de 12 horas despu\u00e9s del ataque para que personal de la Vicefiscal\u00eda Regional de la Cuenca enviara a personal para levantar el cuerpo&nbsp;e iniciar las primeras investigaciones incluida la b\u00fasqueda del todav\u00eda desaparecido.<\/p>\n\n\n\n<p class=\"p1\">Este caso se une al de C\u00e9sar Altamirano Garc\u00eda y Heriberto Antonio Cruz D\u00edaz, desaparecidos desde el pasado 7 de noviembre, en inmediaciones del Santa Mar\u00eda Tlahuiltoltepec y cuya b\u00fasqueda la encabezan familiares ante la falta de capacidad de las autoridades para ingresar a la localidad en donde se presume que fueron linchados.<\/p>\n\n\n\n<p class=\"p1\">As\u00ed mismo, al de \u00c1ngel Bernardo Carrera Carrera, de 27 a\u00f1os de edad, quien fue visto por \u00faltima vez el 13 de noviembre en el municipio de Huautla de Jim\u00e9nez cuando iba a bordo de un veh\u00edculo tipo Versa, marca Nissan, color guinda, con placas de circulaci\u00f3n HAL-297C y rumbo desconocido.<\/p>\n\n\n\n<p><\/p>\n","protected":false},"excerpt":{"rendered":"<p>Redacci\u00f3n\/Zona Roja. Oaxaca de Ju\u00e1rez, Oax., 20 de noviembre de 2019.- Efra\u00edn Fortunato G\u00e1lvez Macario,&hellip;<\/p>\n","protected":false},"author":2,"featured_media":5912,"comment_status":"closed","ping_status":"open","sticky":false,"template":"","format":"standard","meta":{"_lmt_disableupdate":"","_lmt_disable":"","_jetpack_memberships_contains_paid_content":false,"footnotes":""},"categories":[109,51],"tags":[1017],"class_list":["post-5913","post","type-post","status-publish","format-standard","has-post-thumbnail","hentry","category-minuto-a-minuto","category-zona-roja","tag-san-felipa-jalapa-de-diaz"],"jetpack_featured_media_url":"https:\/\/zonaroja.com.mx\/wp-content\/uploads\/2019\/11\/img_0083.jpg","jetpack_sharing_enabled":true,"_links":{"self":[{"href":"https:\/\/zonaroja.com.mx\/index.php?rest_route=\/wp\/v2\/posts\/5913","targetHints":{"allow":["GET"]}}],"collection":[{"href":"https:\/\/zonaroja.com.mx\/index.php?rest_route=\/wp\/v2\/posts"}],"about":[{"href":"https:\/\/zonaroja.com.mx\/index.php?rest_route=\/wp\/v2\/types\/post"}],"author":[{"embeddable":true,"href":"https:\/\/zonaroja.com.mx\/index.php?rest_route=\/wp\/v2\/users\/2"}],"replies":[{"embeddable":true,"href":"https:\/\/zonaroja.com.mx\/index.php?rest_route=%2Fwp%2Fv2%2Fcomments&post=5913"}],"version-history":[{"count":1,"href":"https:\/\/zonaroja.com.mx\/index.php?rest_route=\/wp\/v2\/posts\/5913\/revisions"}],"predecessor-version":[{"id":5914,"href":"https:\/\/zonaroja.com.mx\/index.php?rest_route=\/wp\/v2\/posts\/5913\/revisions\/5914"}],"wp:featuredmedia":[{"embeddable":true,"href":"https:\/\/zonaroja.com.mx\/index.php?rest_route=\/wp\/v2\/media\/5912"}],"wp:attachment":[{"href":"https:\/\/zonaroja.com.mx\/index.php?rest_route=%2Fwp%2Fv2%2Fmedia&parent=5913"}],"wp:term":[{"taxonomy":"category","embeddable":true,"href":"https:\/\/zonaroja.com.mx\/index.php?rest_route=%2Fwp%2Fv2%2Fcategories&post=5913"},{"taxonomy":"post_tag","embeddable":true,"href":"https:\/\/zonaroja.com.mx\/index.php?rest_route=%2Fwp%2Fv2%2Ftags&post=5913"}],"curies":[{"name":"wp","href":"https:\/\/api.w.org\/{rel}","templated":true}]}}