{"id":59139,"date":"2023-08-26T08:05:50","date_gmt":"2023-08-26T13:05:50","guid":{"rendered":"http:\/\/www.zonaroja.com.mx\/?p=59139"},"modified":"2023-08-26T08:05:53","modified_gmt":"2023-08-26T13:05:53","slug":"promueve-poder-judicial-actividades-para-fortalecer-el-pluralismo-juridico","status":"publish","type":"post","link":"https:\/\/zonaroja.com.mx\/?p=59139","title":{"rendered":"Promueve Poder Judicial actividades\u00a0 para fortalecer el pluralismo jur\u00eddico"},"content":{"rendered":"\n<p>Redacci\u00f3n\/Zona Roja.<\/p>\n\n\n\n<p>Oaxaca de Ju\u00e1rez, Oax., a 26 de agosto de 2023.- En la alianza estrat\u00e9gica entre el Poder Judicial del Estado y&nbsp;la Junta Local del Instituto Nacional Electoral (INE) en Oaxaca, a trav\u00e9s de la Direcci\u00f3n&nbsp;de Derechos Humanos del Consejo de la Judicatura&nbsp;se imparti\u00f3 una capacitaci\u00f3n con el tema \u201cPluralismo Jur\u00eddico\u201d&nbsp;a las y los&nbsp;vocales de Capacitaci\u00f3n Electoral y Educaci\u00f3n C\u00edvica, integrantes del Servicio Profesional Electoral del INE.&nbsp;<\/p>\n\n\n\n<p>El objetivo fue fortalecer&nbsp;los&nbsp;conocimientos sobre conceptos b\u00e1sicos en este tema, as\u00ed como&nbsp;sensibilizarlos respecto a&nbsp;la importancia de los sistemas&nbsp;de justicia ind\u00edgena y su relaci\u00f3n con el derecho a la libre determinaci\u00f3n en la impartici\u00f3n de justicia en el estado, aspectos relevantes en el trabajo que realizan de manera&nbsp;cotidiana.&nbsp;<\/p>\n\n\n\n<p>Durante la capacitaci\u00f3n, a cargo de la directora de Derechos Humanos,&nbsp;Nidia Soledad Mart\u00ednez Esteva,&nbsp;la jefa de Departamento de Vinculaci\u00f3n Institucional&nbsp;de la misma \u00e1rea,&nbsp;Elizabeth Rivera Arrazola&nbsp;y&nbsp;jefa de la Unidad de Igualdad de G\u00e9nero del Poder Judicial del Estado, Sheila S\u00e1nchez L\u00f3pez,&nbsp;se destac\u00f3 que un verdadero pluralismo implica necesariamente reconocer en el otro, la misma fuerza vinculatoria para crear, modificar o extinguir derechos y obligaciones.<\/p>\n\n\n\n<p>Asimismo, se presentaron aspectos del&nbsp;Protocolo para la armonizaci\u00f3n y la coordinaci\u00f3n entre las jurisdicciones estatal e ind\u00edgena-afromexicana,&nbsp;que&nbsp;busca ser una herramienta que de manera respetuosa de la autonom\u00eda e independencia judicial auxilie a las y los juzgadores en la tarea de impartir justicia a las personas integrantes de los pueblos ind\u00edgenas adecu\u00e1ndose a los m\u00e1s altos est\u00e1ndares nacionales e internacionales, como lo marca el art\u00edculo primero constitucional.<\/p>\n\n\n\n<p>Las especialistas indicaron que el derecho a la libre determinaci\u00f3n de los pueblos y comunidades ind\u00edgenas y afromexicanas tiene, entre otras implicaciones, la garant\u00eda del ejercicio de la autonom\u00eda para dotarse de sus propios sistemas de organizaci\u00f3n pol\u00edtico-social, elegir a sus gobiernos locales y resolver sus conflictos internos de acuerdo con sus propios sistemas normativos.<\/p>\n","protected":false},"excerpt":{"rendered":"<p>Redacci\u00f3n\/Zona Roja. Oaxaca de Ju\u00e1rez, Oax., a 26 de agosto de 2023.- En la alianza&hellip;<\/p>\n","protected":false},"author":2,"featured_media":59144,"comment_status":"closed","ping_status":"open","sticky":false,"template":"","format":"standard","meta":{"_lmt_disableupdate":"","_lmt_disable":"","_jetpack_memberships_contains_paid_content":false,"footnotes":""},"categories":[109,46],"tags":[223],"class_list":["post-59139","post","type-post","status-publish","format-standard","has-post-thumbnail","hentry","category-minuto-a-minuto","category-zona-blanca","tag-poder-judicial-de-oaxaca"],"jetpack_featured_media_url":"https:\/\/zonaroja.com.mx\/wp-content\/uploads\/2023\/08\/Capacitacion-a-funcionariado-del-INE.jpg","jetpack_sharing_enabled":true,"_links":{"self":[{"href":"https:\/\/zonaroja.com.mx\/index.php?rest_route=\/wp\/v2\/posts\/59139","targetHints":{"allow":["GET"]}}],"collection":[{"href":"https:\/\/zonaroja.com.mx\/index.php?rest_route=\/wp\/v2\/posts"}],"about":[{"href":"https:\/\/zonaroja.com.mx\/index.php?rest_route=\/wp\/v2\/types\/post"}],"author":[{"embeddable":true,"href":"https:\/\/zonaroja.com.mx\/index.php?rest_route=\/wp\/v2\/users\/2"}],"replies":[{"embeddable":true,"href":"https:\/\/zonaroja.com.mx\/index.php?rest_route=%2Fwp%2Fv2%2Fcomments&post=59139"}],"version-history":[{"count":1,"href":"https:\/\/zonaroja.com.mx\/index.php?rest_route=\/wp\/v2\/posts\/59139\/revisions"}],"predecessor-version":[{"id":59145,"href":"https:\/\/zonaroja.com.mx\/index.php?rest_route=\/wp\/v2\/posts\/59139\/revisions\/59145"}],"wp:featuredmedia":[{"embeddable":true,"href":"https:\/\/zonaroja.com.mx\/index.php?rest_route=\/wp\/v2\/media\/59144"}],"wp:attachment":[{"href":"https:\/\/zonaroja.com.mx\/index.php?rest_route=%2Fwp%2Fv2%2Fmedia&parent=59139"}],"wp:term":[{"taxonomy":"category","embeddable":true,"href":"https:\/\/zonaroja.com.mx\/index.php?rest_route=%2Fwp%2Fv2%2Fcategories&post=59139"},{"taxonomy":"post_tag","embeddable":true,"href":"https:\/\/zonaroja.com.mx\/index.php?rest_route=%2Fwp%2Fv2%2Ftags&post=59139"}],"curies":[{"name":"wp","href":"https:\/\/api.w.org\/{rel}","templated":true}]}}