{"id":59152,"date":"2023-08-26T12:00:00","date_gmt":"2023-08-26T17:00:00","guid":{"rendered":"http:\/\/www.zonaroja.com.mx\/?p=59152"},"modified":"2023-08-26T08:26:06","modified_gmt":"2023-08-26T13:26:06","slug":"la-detienen-en-la-costa-con-metanfetanima-es-vinculada-a-proceso","status":"publish","type":"post","link":"https:\/\/zonaroja.com.mx\/?p=59152","title":{"rendered":"La detienen en la Costa con metanfetanima; es vinculada a proceso"},"content":{"rendered":"\n<p>Redacci\u00f3n\/Zona Roja.<\/p>\n\n\n\n<p>Oaxaca de Ju\u00e1rez, Oax., a 26 de agosto de 2023.-&nbsp; La colaboraci\u00f3n interinstitucional con las \u00e1reas de seguridad de los diferentes niveles del gobierno en la entidad, permiti\u00f3 que la Fiscal\u00eda General del Estado de Oaxaca (FGEO) obtuviera auto de vinculaci\u00f3n a proceso en contra de una mujer identificada como A. A. L. B., por el delito Contra la Salud en Modalidad de Posesi\u00f3n Simple de Metanfetamina.<\/p>\n\n\n\n<p>Los hechos sucedieron en calles del municipio de Santiago Pinotepa Nacional, en la regi\u00f3n de la Costa, donde una patrulla de la Polic\u00eda Municipal de esa poblaci\u00f3n realizaba recorridos de disuasi\u00f3n y vigilancia por las calles cuando se encontraron a una persona del sexo femenino a quien solicitaron permiso para efectuar una inspecci\u00f3n de rutina, petici\u00f3n a la que accedi\u00f3.<\/p>\n\n\n\n<p>Elementos polic\u00edacos llevaron a cabo la revisi\u00f3n en la que encontraron diferentes dosis de sustancias similares a drogas como cristal y coca\u00edna, por lo que la mujer fue detenida y presentada ante el Ministerio P\u00fablico adscrito a la Vicefiscal\u00eda Regional de la Costa, que se hace cargo de las investigaciones alrededor del caso.<\/p>\n\n\n\n<p>La FGEO present\u00f3 los resultados de las indagatorias ante el Juez que atiende la causa, quien despu\u00e9s de evaluarlas, dict\u00f3 auto de vinculaci\u00f3n a proceso en contra de A. A. L. B., a quien impusieron medidas cautelares y concedieron dos meses para el cierre de la investigaci\u00f3n.<\/p>\n\n\n\n<p>El combate a la venta y distribuci\u00f3n de drogas en su modalidad de narcomenudeo, forman parte de las labores de procuraci\u00f3n de justicia de la Fiscal\u00eda de Oaxaca, con el objetivo de garantizar la seguridad y la paz social.<\/p>\n\n\n\n<p>FGEO obtiene vinculaci\u00f3n a proceso contra imputado&nbsp;<\/p>\n\n\n\n<p>por homicidio cometido en la Sierra de Flores Mag\u00f3n&nbsp;<\/p>\n\n\n\n<p>DETENIDO POR HOMICIDIO<\/p>\n\n\n\n<p>Por otra parte, la Fiscal\u00eda General obtuvo auto de vinculaci\u00f3n a proceso en contra de L.P.V., imputado por el delito de homicidio calificado, cometido en agravio de una persona del sexo masculino identificada como M.P.V.; hechos ocurridos en la localidad de Portezuelo, municipio de Santa Ana Cuauht\u00e9moc, en la regi\u00f3n de la Sierra de Flores Mag\u00f3n.<\/p>\n\n\n\n<p>De acuerdo con la causa penal, el 20 de noviembre de 2019, la v\u00edctima se encontraba sobre la carretera cuando fue lesionado con un cuchillo, por lo que fue trasladado para su atenci\u00f3n m\u00e9dica, permaneciendo internado hasta el 17 de diciembre de 2019, fecha en que perdi\u00f3 la vida por estos hechos.<\/p>\n\n\n\n<p>Cuando la FGEO tuvo conocimiento de los hechos, el caso qued\u00f3 a cargo de la Vicefiscal\u00eda General de Control Regional que inici\u00f3 las investigaciones, por las que inicialmente despleg\u00f3 un equipo multidisciplinario que proces\u00f3 la escena del crimen para asegurar indicios con el objetivo de establecer las l\u00edneas que permitan la resoluci\u00f3n de este homicidio.<\/p>\n\n\n\n<p>Derivado de las indagatorias, se establecieron s\u00f3lidas l\u00edneas de investigaci\u00f3n, por lo cual se libr\u00f3 la orden de aprehensi\u00f3n, misma que fue ejecutada en contra del imputado L.P.V., quien fue puesto a disposici\u00f3n del Juez de Control del Circuito Judicial de la Ca\u00f1ada, el cual dict\u00f3 auto de vinculaci\u00f3n a proceso por el delito de Homicidio Calificado con Ventaja, adem\u00e1s que impuso prisi\u00f3n preventiva y otorg\u00f3 tres meses para el cierre de la investigaci\u00f3n.<\/p>\n\n\n\n<p>El empleo de protocolos de investigaci\u00f3n y la aplicaci\u00f3n de t\u00e9cnicas cient\u00edficas en las investigaciones de cr\u00edmenes, permiten a la Fiscal\u00eda de Oaxaca tener certeza en los trabajos de procuraci\u00f3n de justicia en el estado.<\/p>\n","protected":false},"excerpt":{"rendered":"<p>Redacci\u00f3n\/Zona Roja. Oaxaca de Ju\u00e1rez, Oax., a 26 de agosto de 2023.-&nbsp; La colaboraci\u00f3n interinstitucional&hellip;<\/p>\n","protected":false},"author":2,"featured_media":52616,"comment_status":"closed","ping_status":"open","sticky":false,"template":"","format":"standard","meta":{"_lmt_disableupdate":"","_lmt_disable":"","_jetpack_memberships_contains_paid_content":false,"footnotes":""},"categories":[109,46],"tags":[494],"class_list":["post-59152","post","type-post","status-publish","format-standard","has-post-thumbnail","hentry","category-minuto-a-minuto","category-zona-blanca","tag-fiscalia-general-del-estado-de-oaxaca"],"jetpack_featured_media_url":"https:\/\/zonaroja.com.mx\/wp-content\/uploads\/2023\/03\/Detenida-esposada-aprehendida.jpeg","jetpack_sharing_enabled":true,"_links":{"self":[{"href":"https:\/\/zonaroja.com.mx\/index.php?rest_route=\/wp\/v2\/posts\/59152","targetHints":{"allow":["GET"]}}],"collection":[{"href":"https:\/\/zonaroja.com.mx\/index.php?rest_route=\/wp\/v2\/posts"}],"about":[{"href":"https:\/\/zonaroja.com.mx\/index.php?rest_route=\/wp\/v2\/types\/post"}],"author":[{"embeddable":true,"href":"https:\/\/zonaroja.com.mx\/index.php?rest_route=\/wp\/v2\/users\/2"}],"replies":[{"embeddable":true,"href":"https:\/\/zonaroja.com.mx\/index.php?rest_route=%2Fwp%2Fv2%2Fcomments&post=59152"}],"version-history":[{"count":1,"href":"https:\/\/zonaroja.com.mx\/index.php?rest_route=\/wp\/v2\/posts\/59152\/revisions"}],"predecessor-version":[{"id":59153,"href":"https:\/\/zonaroja.com.mx\/index.php?rest_route=\/wp\/v2\/posts\/59152\/revisions\/59153"}],"wp:featuredmedia":[{"embeddable":true,"href":"https:\/\/zonaroja.com.mx\/index.php?rest_route=\/wp\/v2\/media\/52616"}],"wp:attachment":[{"href":"https:\/\/zonaroja.com.mx\/index.php?rest_route=%2Fwp%2Fv2%2Fmedia&parent=59152"}],"wp:term":[{"taxonomy":"category","embeddable":true,"href":"https:\/\/zonaroja.com.mx\/index.php?rest_route=%2Fwp%2Fv2%2Fcategories&post=59152"},{"taxonomy":"post_tag","embeddable":true,"href":"https:\/\/zonaroja.com.mx\/index.php?rest_route=%2Fwp%2Fv2%2Ftags&post=59152"}],"curies":[{"name":"wp","href":"https:\/\/api.w.org\/{rel}","templated":true}]}}