{"id":59158,"date":"2023-08-27T12:00:00","date_gmt":"2023-08-27T17:00:00","guid":{"rendered":"http:\/\/www.zonaroja.com.mx\/?p=59158"},"modified":"2023-08-27T08:17:27","modified_gmt":"2023-08-27T13:17:27","slug":"mantendran-restricciones-en-canal-de-panama-10-meses-mas","status":"publish","type":"post","link":"https:\/\/zonaroja.com.mx\/?p=59158","title":{"rendered":"Mantendr\u00e1n restricciones en Canal de Panam\u00e1 10 meses m\u00e1s"},"content":{"rendered":"\n<p>Redacci\u00f3n\/Zona Roja.<\/p>\n\n\n\n<p>Ciudad de M\u00e9xico, a 27 de agosto de 2023.- El Canal de Panam\u00e1 espera mantener el tr\u00e1nsito diario de embarcaciones y restricciones de calado m\u00e1ximo durante al menos 10 meses m\u00e1s en medio de una sequ\u00eda prolongada que ha disminuido los niveles de agua, dijo ayer una funcionaria de la v\u00eda fluvial.<\/p>\n\n\n\n<p>La Autoridad del Canal de Panam\u00e1 (ACP) comenz\u00f3 a principios de este a\u00f1o a imponer limitaciones, lo que provoc\u00f3 una acumulaci\u00f3n de embarcaciones esperando para pasar. Las medidas han obligado a los propietarios de buques a aligerar las cargas o cambiar a rutas alternativas a medida que aumentan los costos de flete.<\/p>\n\n\n\n<p>La extensi\u00f3n de las restricciones le dar\u00eda al canal espacio para conservar agua antes de que llegue la pr\u00f3xima temporada de lluvias, pero podr\u00eda crear un cuello de botella mayor para los barcos si no reservan con anticipaci\u00f3n el paso.<\/p>\n\n\n\n<p>\u201cEn este momento estamos viendo una subida de arribos. Es la \u00e9poca alta del a\u00f1o, ya estamos llegando a diciembre que son las fiestas, toda la mercanc\u00eda para las navidades se est\u00e1 movilizando prontamente\u201d, dijo la subadministradora de la ACP, Ilya Espino, en una entrevista con Reuters.<\/p>\n\n\n\n<p>Espino recomend\u00f3 a los due\u00f1os de buques reservar espacios con anticipaci\u00f3n para evitar demoras, y dijo que algunos barcos \u2013especialmente graneleros y buques que transportan carb\u00f3n\u2013 se han desviado de la v\u00eda fluvial porque no tienen prioridad para pasar, como s\u00ed lo tienen los buques portacontenedores.<\/p>\n\n\n\n<p>En una medida para aliviar un cuello de botella que super\u00f3 los 160 buques a principios de este mes, la ACP abri\u00f3 recientemente dos espacios de paso m\u00e1s por d\u00eda para barcos sin reserva.<\/p>\n\n\n\n<p>El retraso ha disminuido desde entonces a 115 barcos ayer, seg\u00fan datos oficiales.<\/p>\n\n\n\n<p>Los operadores del canal est\u00e1n en la cuerda floja mientras trabajan para gestionar las perturbaciones del comercio mar\u00edtimo y prepararse para lo que se perfila como un periodo a\u00fan m\u00e1s seco el pr\u00f3ximo a\u00f1o.<\/p>\n\n\n\n<p>En Panam\u00e1, el fen\u00f3meno de El Ni\u00f1o, asociado con aguas m\u00e1s c\u00e1lidas de lo habitual en el Oc\u00e9ano Pac\u00edfico, est\u00e1 contribuyendo a la sequ\u00eda.<\/p>\n\n\n\n<p>(Informaci\u00f3n de \u201cLa Jornada\u201d)<\/p>\n","protected":false},"excerpt":{"rendered":"<p>Redacci\u00f3n\/Zona Roja. Ciudad de M\u00e9xico, a 27 de agosto de 2023.- El Canal de Panam\u00e1&hellip;<\/p>\n","protected":false},"author":2,"featured_media":59159,"comment_status":"closed","ping_status":"open","sticky":false,"template":"","format":"standard","meta":{"_lmt_disableupdate":"","_lmt_disable":"","_jetpack_memberships_contains_paid_content":false,"footnotes":""},"categories":[109,46],"tags":[3642],"class_list":["post-59158","post","type-post","status-publish","format-standard","has-post-thumbnail","hentry","category-minuto-a-minuto","category-zona-blanca","tag-canal-de-panama"],"jetpack_featured_media_url":"https:\/\/zonaroja.com.mx\/wp-content\/uploads\/2023\/08\/Buques-varados-Canal-de-Panama.jpeg","jetpack_sharing_enabled":true,"_links":{"self":[{"href":"https:\/\/zonaroja.com.mx\/index.php?rest_route=\/wp\/v2\/posts\/59158","targetHints":{"allow":["GET"]}}],"collection":[{"href":"https:\/\/zonaroja.com.mx\/index.php?rest_route=\/wp\/v2\/posts"}],"about":[{"href":"https:\/\/zonaroja.com.mx\/index.php?rest_route=\/wp\/v2\/types\/post"}],"author":[{"embeddable":true,"href":"https:\/\/zonaroja.com.mx\/index.php?rest_route=\/wp\/v2\/users\/2"}],"replies":[{"embeddable":true,"href":"https:\/\/zonaroja.com.mx\/index.php?rest_route=%2Fwp%2Fv2%2Fcomments&post=59158"}],"version-history":[{"count":2,"href":"https:\/\/zonaroja.com.mx\/index.php?rest_route=\/wp\/v2\/posts\/59158\/revisions"}],"predecessor-version":[{"id":59174,"href":"https:\/\/zonaroja.com.mx\/index.php?rest_route=\/wp\/v2\/posts\/59158\/revisions\/59174"}],"wp:featuredmedia":[{"embeddable":true,"href":"https:\/\/zonaroja.com.mx\/index.php?rest_route=\/wp\/v2\/media\/59159"}],"wp:attachment":[{"href":"https:\/\/zonaroja.com.mx\/index.php?rest_route=%2Fwp%2Fv2%2Fmedia&parent=59158"}],"wp:term":[{"taxonomy":"category","embeddable":true,"href":"https:\/\/zonaroja.com.mx\/index.php?rest_route=%2Fwp%2Fv2%2Fcategories&post=59158"},{"taxonomy":"post_tag","embeddable":true,"href":"https:\/\/zonaroja.com.mx\/index.php?rest_route=%2Fwp%2Fv2%2Ftags&post=59158"}],"curies":[{"name":"wp","href":"https:\/\/api.w.org\/{rel}","templated":true}]}}