{"id":59161,"date":"2023-08-26T04:00:00","date_gmt":"2023-08-26T09:00:00","guid":{"rendered":"http:\/\/www.zonaroja.com.mx\/?p=59161"},"modified":"2023-08-26T08:43:08","modified_gmt":"2023-08-26T13:43:08","slug":"van-oaxaquenos-a-festival-internacional-de-organo-de-guanajuato","status":"publish","type":"post","link":"https:\/\/zonaroja.com.mx\/?p=59161","title":{"rendered":"Van oaxaque\u00f1os a Festival Internacional de \u00d3rgano de Guanajuato"},"content":{"rendered":"\n<p>Redacci\u00f3n\/Sucedi\u00f3 en Oaxaca.<\/p>\n\n\n\n<p>Oaxaca de Ju\u00e1rez, Oax., a 26 de agosto de 2023.- El Festival Internacional de \u00d3rgano \u00abGuillermo Pinto Reyes\u00bb de Guanajuato es quiz\u00e1 el m\u00e1s antiguo de M\u00e9xico, y uno de los m\u00e1s sobresalientes por realizarse en la ciudad que alberga al \u00f3rgano m\u00e1s importante en su tipo, despu\u00e9s de los de la Catedral Metropolitana de la Ciudad de M\u00e9xico.<\/p>\n\n\n\n<p>La organista oaxaque\u00f1a Margarita Mercedes Santiago Ric\u00e1rdez ha sido invitada por cuarta ocasi\u00f3n por el director del encuentro musical, F\u00e9lix Torres, y esta es la segunda vez que lo hace junto a Emanuel Cruz Quiroz, trombonista originario de la ciudad de Tlaxiaco.<\/p>\n\n\n\n<p>Para la edici\u00f3n n\u00famero 26 del Festival organizado por la municipalidad de Guanajuato, que se realiza en del 20 al 31 de agosto, la organista prepara un programa variado compuesto por obras de autores espa\u00f1oles del periodo barroco iberoamericano, para \u00f3rgano solo, y varias sonatas de compositores italianos barrocos, y anteriores, acompa\u00f1ando al trombonista Emanuel Cruz Quiroz.<\/p>\n\n\n\n<p>Uno de los aspectos especiales del concierto que brindar\u00e1n el domingo 27 de agosto a las 13:00 horas en el prestigioso Festival, es que Margarita Mercedes har\u00e1 sonar uno de los \u00f3rganos monumentales con mayores dimensiones de M\u00e9xico: el del Templo de San Cayetano, hecho construir por el primer Conde de Valenciana, Antonio de Obreg\u00f3n y Alcocer, a unos cuantos pasos de la entrada de la famosa mina La Valenciana.<\/p>\n\n\n\n<p>\u00abEs un instrumento imponente que data de entre 1778 y 1780. Est\u00e1 considerado el segundo m\u00e1s importante entre los \u00f3rganos hist\u00f3ricos, despu\u00e9s de los de la Catedral Metropolitana, de la Ciudad de M\u00e9xico. Tiene dos manuales, m\u00e1s de 50 registros, dos teclados: el principal y el que llamamos positivo. Un detalle propio de este \u00f3rgano es que conserva el 90 por ciento sus piezas originales. Es una verdadera joya\u00bb, expresa entusiasmada la maestra Margarita Mercedes Santiago.<\/p>\n\n\n\n<p>Agrega que Guanajuato cuenta con \u00f3rganos tubulares m\u00e1s grandes que los de Oaxaca, lo cual convierte a esta ciudad en una espl\u00e9ndida sede del Festival Internacional de \u00d3rgano \u00abGuillermo Pinto Reyes\u00bb, que hace honor al m\u00fasico y compositor nacido en 1920 en Campeche, entregado enteramente a la m\u00fasica antigua, quien residi\u00f3 una parte de su vida en Guanajuato como ejecutante y maestro de \u00f3rgano.<\/p>\n\n\n\n<p>El concierto con el talento oaxaque\u00f1o de la organista Margarita Mercedes Santiago Ric\u00e1rdez y el trombonista Emanuel Cruz Quiroz, se realizar\u00e1 el 27 de agosto a las 13:00 horas en el Templo de San Cayetano, en La Valenciana, Guanajuato.<\/p>\n\n\n\n<p>Margarita Mercedes Santiago Ric\u00e1rdez egres\u00f3 como Instructora de piano de la Escuela de Bellas Artes de la Universidad Aut\u00f3noma Benito Ju\u00e1rez de Oaxaca, realiz\u00f3 la carrera de \u00d3rgano en el Conservatorio Nacional de M\u00fasica, y m\u00e1s tarde estudi\u00f3 una especialidad de M\u00fasica Sacra en Rottemburgo, Alemania.<\/p>\n\n\n\n<p>(Informaci\u00f3n de Elisa Ruiz)<\/p>\n","protected":false},"excerpt":{"rendered":"<p>Redacci\u00f3n\/Sucedi\u00f3 en Oaxaca. Oaxaca de Ju\u00e1rez, Oax., a 26 de agosto de 2023.- El Festival&hellip;<\/p>\n","protected":false},"author":2,"featured_media":59141,"comment_status":"closed","ping_status":"open","sticky":false,"template":"","format":"standard","meta":{"_lmt_disableupdate":"","_lmt_disable":"","_jetpack_memberships_contains_paid_content":false,"footnotes":""},"categories":[109,46],"tags":[],"class_list":["post-59161","post","type-post","status-publish","format-standard","has-post-thumbnail","hentry","category-minuto-a-minuto","category-zona-blanca"],"jetpack_featured_media_url":"https:\/\/zonaroja.com.mx\/wp-content\/uploads\/2023\/08\/MARGARITA-E-EMANUEL.jpg","jetpack_sharing_enabled":true,"_links":{"self":[{"href":"https:\/\/zonaroja.com.mx\/index.php?rest_route=\/wp\/v2\/posts\/59161","targetHints":{"allow":["GET"]}}],"collection":[{"href":"https:\/\/zonaroja.com.mx\/index.php?rest_route=\/wp\/v2\/posts"}],"about":[{"href":"https:\/\/zonaroja.com.mx\/index.php?rest_route=\/wp\/v2\/types\/post"}],"author":[{"embeddable":true,"href":"https:\/\/zonaroja.com.mx\/index.php?rest_route=\/wp\/v2\/users\/2"}],"replies":[{"embeddable":true,"href":"https:\/\/zonaroja.com.mx\/index.php?rest_route=%2Fwp%2Fv2%2Fcomments&post=59161"}],"version-history":[{"count":1,"href":"https:\/\/zonaroja.com.mx\/index.php?rest_route=\/wp\/v2\/posts\/59161\/revisions"}],"predecessor-version":[{"id":59162,"href":"https:\/\/zonaroja.com.mx\/index.php?rest_route=\/wp\/v2\/posts\/59161\/revisions\/59162"}],"wp:featuredmedia":[{"embeddable":true,"href":"https:\/\/zonaroja.com.mx\/index.php?rest_route=\/wp\/v2\/media\/59141"}],"wp:attachment":[{"href":"https:\/\/zonaroja.com.mx\/index.php?rest_route=%2Fwp%2Fv2%2Fmedia&parent=59161"}],"wp:term":[{"taxonomy":"category","embeddable":true,"href":"https:\/\/zonaroja.com.mx\/index.php?rest_route=%2Fwp%2Fv2%2Fcategories&post=59161"},{"taxonomy":"post_tag","embeddable":true,"href":"https:\/\/zonaroja.com.mx\/index.php?rest_route=%2Fwp%2Fv2%2Ftags&post=59161"}],"curies":[{"name":"wp","href":"https:\/\/api.w.org\/{rel}","templated":true}]}}