{"id":59163,"date":"2023-08-26T17:00:00","date_gmt":"2023-08-26T22:00:00","guid":{"rendered":"http:\/\/www.zonaroja.com.mx\/?p=59163"},"modified":"2023-08-26T08:45:27","modified_gmt":"2023-08-26T13:45:27","slug":"exhorta-la-oms-a-reforzar-vigilancia-del-covid-19","status":"publish","type":"post","link":"https:\/\/zonaroja.com.mx\/?p=59163","title":{"rendered":"Exhorta la OMS a reforzar vigilancia del Covid-19"},"content":{"rendered":"\n<p>Redacci\u00f3n\/Zona Roja.<\/p>\n\n\n\n<p>Ciudad de M\u00e9xico, a 26 de agosto de 2023.- El director general de la Organizaci\u00f3n Mundial de la Salud (OMS), Tedros Adhanom, exhort\u00f3 ayer a todos los pa\u00edses a fortalecer la supervisi\u00f3n del virus del covid-19 y a continuar las recomendaciones \u201cpara salvar vidas\u00bb ante la presencia de las nuevas variantes de \u00f3micron, la EG.5 y la BA.2.86.<\/p>\n\n\n\n<p>En rueda de prensa, resalt\u00f3 que el covid-19 a\u00fan es una amenaza a la salud global, ya que, aunque actualmente la OMS dispone de menos informaci\u00f3n sobre la incidencia en las diferentes naciones debido a que ya no se recopilan datos como al principio de la emergencia sanitaria, \u201cse ha visto un aumento de las hospitalizaciones, ingresos en unidades de cuidados intensivos y muertes en algunos pa\u00edses\u201d.<\/p>\n\n\n\n<p>El director general del organismo llam\u00f3 a todos los pa\u00edses a continuar informando de su situaci\u00f3n con el coronavirus, para que la OMS \u201cpueda asesorarlos sobre el riesgo de las nuevas variantes\u201d.<\/p>\n\n\n\n<p>Por su parte, la l\u00edder t\u00e9cnica de covid-19 de la OMS, Maria Van Kerhove, explic\u00f3 que el virus contin\u00faa evolucionando porque hay una serie de variantes en circulaci\u00f3n, todas ellas de \u00f3micron. Afirm\u00f3 que el virus presenta una amenaza \u201cporque est\u00e1 evolucionando y cambiando y no se puede predecir con certeza qu\u00e9 significar\u00e1n estos cambios; la amenaza no ha desaparecido\u201d.<\/p>\n\n\n\n<p>Viruela s\u00edmica, al alza<\/p>\n\n\n\n<p>Asimismo, Tedros Adhanom advirti\u00f3 de un \u201caumento de casos de viruela del mono en los \u00faltimos dos meses en \u00c1frica y Asia\u201d, a pesar de haber declarado su fin como emergencia sanitaria en mayo pasado.<\/p>\n\n\n\n<p>En los \u00faltimos 15 meses, dijo, se produjeron 90 mil contagios y 156 muertes en 114 pa\u00edses miembros de la OMS. Asegur\u00f3 que, fuera de \u00c1frica, \u201cla mayor\u00eda de los casos son en hombres que mantienen relaciones sexuales con otros hombres\u201d.<\/p>\n\n\n\n<p>Por este motivo, la organizaci\u00f3n present\u00f3 esta semana una serie de recomendaciones en siete \u00e1reas principales para abordar la viruela del mono (mpox, por sus siglas en ingl\u00e9s) y evitar su propagaci\u00f3n.<\/p>\n\n\n\n<p>(Informaci\u00f3n de \u201cLa Jornada\u201d)<\/p>\n","protected":false},"excerpt":{"rendered":"<p>Redacci\u00f3n\/Zona Roja. Ciudad de M\u00e9xico, a 26 de agosto de 2023.- El director general de&hellip;<\/p>\n","protected":false},"author":2,"featured_media":13382,"comment_status":"closed","ping_status":"open","sticky":false,"template":"","format":"standard","meta":{"_lmt_disableupdate":"","_lmt_disable":"","_jetpack_memberships_contains_paid_content":false,"footnotes":""},"categories":[109,47],"tags":[1510],"class_list":["post-59163","post","type-post","status-publish","format-standard","has-post-thumbnail","hentry","category-minuto-a-minuto","category-zona-gris","tag-coronavirus-pandemia-global"],"jetpack_featured_media_url":"https:\/\/zonaroja.com.mx\/wp-content\/uploads\/2020\/06\/Coronavirus-2.jpg","jetpack_sharing_enabled":true,"_links":{"self":[{"href":"https:\/\/zonaroja.com.mx\/index.php?rest_route=\/wp\/v2\/posts\/59163","targetHints":{"allow":["GET"]}}],"collection":[{"href":"https:\/\/zonaroja.com.mx\/index.php?rest_route=\/wp\/v2\/posts"}],"about":[{"href":"https:\/\/zonaroja.com.mx\/index.php?rest_route=\/wp\/v2\/types\/post"}],"author":[{"embeddable":true,"href":"https:\/\/zonaroja.com.mx\/index.php?rest_route=\/wp\/v2\/users\/2"}],"replies":[{"embeddable":true,"href":"https:\/\/zonaroja.com.mx\/index.php?rest_route=%2Fwp%2Fv2%2Fcomments&post=59163"}],"version-history":[{"count":1,"href":"https:\/\/zonaroja.com.mx\/index.php?rest_route=\/wp\/v2\/posts\/59163\/revisions"}],"predecessor-version":[{"id":59164,"href":"https:\/\/zonaroja.com.mx\/index.php?rest_route=\/wp\/v2\/posts\/59163\/revisions\/59164"}],"wp:featuredmedia":[{"embeddable":true,"href":"https:\/\/zonaroja.com.mx\/index.php?rest_route=\/wp\/v2\/media\/13382"}],"wp:attachment":[{"href":"https:\/\/zonaroja.com.mx\/index.php?rest_route=%2Fwp%2Fv2%2Fmedia&parent=59163"}],"wp:term":[{"taxonomy":"category","embeddable":true,"href":"https:\/\/zonaroja.com.mx\/index.php?rest_route=%2Fwp%2Fv2%2Fcategories&post=59163"},{"taxonomy":"post_tag","embeddable":true,"href":"https:\/\/zonaroja.com.mx\/index.php?rest_route=%2Fwp%2Fv2%2Ftags&post=59163"}],"curies":[{"name":"wp","href":"https:\/\/api.w.org\/{rel}","templated":true}]}}