{"id":59165,"date":"2023-08-27T12:45:00","date_gmt":"2023-08-27T17:45:00","guid":{"rendered":"http:\/\/www.zonaroja.com.mx\/?p=59165"},"modified":"2023-08-27T06:37:29","modified_gmt":"2023-08-27T11:37:29","slug":"opinion-el-pais-nuestro-de-cada-dia","status":"publish","type":"post","link":"https:\/\/zonaroja.com.mx\/?p=59165","title":{"rendered":"Opini\u00f3n. El pa\u00eds nuestro de cada d\u00eda"},"content":{"rendered":"\n<p>Soledad Jarqu\u00edn Edgar\/SemM\u00e9xico<\/p>\n\n\n\n<p>Rompiendo las reglas, mis reglas, hablar\u00e9 sobre las y los aspirantes al poder pol\u00edtico de M\u00e9xico, pero aclaro solo de pasadita, de refil\u00f3n.<\/p>\n\n\n\n<p>Tanto los del partido en el poder como los del otro bando, llamados frente opositor, un mole de partidos, t\u00e9rmino que ya hab\u00eda utilizado en aquel experimento que se hizo en Oaxaca en 2010 y que llev\u00f3 al triunfo a Gabino Cu\u00e9, un mole de varios chiles donde lo \u00fanico que les unifica que es la carne, est\u00e1n muy ocupadas y ocupados.<\/p>\n\n\n\n<p>As\u00ed vemos a los cuatrot\u00e9 y a los de (en)frente \u00bfEn qu\u00e9? se preguntar\u00e1n atinadamente y ustedes tendr\u00e1n la respuesta. Est\u00e1n muy concentrados en darnos las recetas de qu\u00e9 forma este pa\u00eds podr\u00eda funcionar, est\u00e1n empe\u00f1ados en decirnos, porque ellos y ellas lo saben, en c\u00f3mo este pa\u00eds puede funcionar o deber\u00eda funcionar.<\/p>\n\n\n\n<p>Se llaman promesas de campa\u00f1a, lo sabemos todos y cada una de quienes transitamos cada seis a\u00f1os por estos procesos electorales para elegir verbocramente a quien dirigir\u00e1 los destinos de M\u00e9xico (qu\u00e9 bonito se lee) o en casos estatales cada seis a\u00f1os pasamos por lo mismo para elegir al gobernador \u2013solo 13 entidad del pa\u00eds ha tenido en alg\u00fan momento una gobernadora- o a quienes estar\u00e1n al frente del poder local, las diputaciones estatales y federales.<\/p>\n\n\n\n<p>Son tiempos de enamoramiento porque es cuando nos bajan el cielo y las estrellas, aprovechando que qui\u00e9n est\u00e1 en el poder siempre inicia la curva del descenso, hasta que ocurre el momento donde todo mundo clama vivas y en algunos casos cierran filas en torno a quien ha sido electo (m\u00e1s de 200 a\u00f1os de gobiernos patriarcales, que no siempre terminan con una mujer al frente).<\/p>\n\n\n\n<p>As\u00ed quienes aspiran a ocupar los cargos insisten en se\u00f1alar a su conveniencia lo que est\u00e1 mal, aunque si llegan dif\u00edcilmente encuentran el tratamiento efectivo y siguen probando entre ensayo y error, como si fu\u00e9ramos ratones de laboratorio.<\/p>\n\n\n\n<p>El proceso electoral 2024 se adelant\u00f3 m\u00e1s de seis meses en 2023. As\u00ed lo tendr\u00e1n que poner en la historia. El INE es un fiel observador que para taparle el ojo al macho revira con algunas micro-sanciones a lo que evidentemente son tiempos adelantados, adelantad\u00edsimos de campa\u00f1as pol\u00edticas. Hoy a 67 d\u00edas desde que Sheinbaum, Fern\u00e1ndez, Ebrard, L\u00f3pez, Monreal y Velasco iniciaron sus campa\u00f1as envueltas en una mentira, porque se promueven para la presidencia, aunque digan que van por otra cosa. Y nos faltan m\u00e1s d\u00edas de entretenimiento al que se sumaron con casi 30 d\u00edas de retraso los del Frente Opositor G\u00e1lvez (de Troya), Paredes, las \u00fanicas sobrevivientes, en el camino se quedaron varios atr\u00e1s. \u00bfEl pron\u00f3stico es que habr\u00e1 una contienda electoral 2024 con dos candidatas presidenciales? Qui\u00e9n sabe. Pero no vine a hacer pron\u00f3sticos electorales.<\/p>\n\n\n\n<p>Esta precampa\u00f1a, estas elecciones primarias, como les llaman quienes saben al respecto, ha ocupado varios cientos de horas, miles de minutos en medios electr\u00f3nicos y muchas p\u00e1ginas virtuales o de papel en medios de comunicaci\u00f3n, adem\u00e1s de los innumerables mensajes y verdaderas contiendas campales, solo de palabras escritas en las redes sociales. Medio pa\u00eds entretenido.<\/p>\n\n\n\n<p>En estos d\u00edas y los que faltan, lo que vivimos es una especie de verbocracia o palabrer\u00eda. Detr\u00e1s de sus dichos, que son solo dichos, tal parece que no hay m\u00e1s. Una verbocracia que se concentr\u00f3 en los \u00faltimos poco m\u00e1s de cinco a\u00f1os en una sola persona y que ahora se reparte, como cachitos de loter\u00eda, la loter\u00eda de la promesa, entre otras muy diversas personas.<\/p>\n\n\n\n<p>En este 2023, nuevamente el poder pol\u00edtico (y todo lo que ello represente) dicta la agenda y nos dice qu\u00e9 tenemos que ver y qu\u00e9 debemos dejar de ver el resto de las y los mexicanos. Nos invitan a ponernos detr\u00e1s del cristal desde el cual ellos y ellas miran, nos invitan a ser como ellos, como AMLO que aplicando la ense\u00f1anza salinista ni los ve, ni los oye.<\/p>\n\n\n\n<p>Detr\u00e1s del cristal en estos d\u00edas el pa\u00eds sigue chorreando sangre. Hay casos desgarradores e inexplicables, no hay explicaci\u00f3n alguna, nos dejan ver una realidad que ha convivido con miles de familias en este pa\u00eds, la crueldad, la deshumanizaci\u00f3n total, el dolor profundo, que se consiente y cobija con la impunidad, me refiero al caso de los cinco j\u00f3venes de Lagos de Moreno en Jalisco, cuya b\u00fasqueda, dio lugar al encuentro de otros cinco cuerpos, casi por casualidad\u2026Y qu\u00e9 decir del Hilario N el hombre que asesin\u00f3 a una joven en una carnicer\u00eda y quien \u2013ahora sabemos- ten\u00eda antecedentes por acoso.<\/p>\n\n\n\n<p>Lagos de Jalisco \u00bfla tumba del gobernador Enrique Alfaro? \u00a1Qu\u00e9 va!, basta un manotazo en la mesa para darle la vuelta, hoy la noticia es otra, adi\u00f3s a su partido, adi\u00f3s a Dante Delgado. A menos que encontremos el mar de fondo.<\/p>\n\n\n\n<p>Ambos casos nos cuentan que, en este pa\u00eds, no se investiga, en este pa\u00eds hay impunidad, porque casualmente encontraron cinco cuerpos y porque el agresor de la joven en Cajeme, Sonora, ten\u00eda antecedentes, pero eso no sirve de nada, si las autoridades no hacen su trabajo.<\/p>\n\n\n\n<p>Ese es el pa\u00eds de nuestros d\u00edas. Uno donde la violencia creci\u00f3 desmesuradamente bajo el amparo de los gobiernos por d\u00e9cadas atr\u00e1s, lo que no justifica ni las risitas burlonas ni los abrazos del due\u00f1o de los cuatro t\u00e9s.<\/p>\n\n\n\n<p>*Periodista y activista feminista.<\/p>\n","protected":false},"excerpt":{"rendered":"<p>Soledad Jarqu\u00edn Edgar\/SemM\u00e9xico Rompiendo las reglas, mis reglas, hablar\u00e9 sobre las y los aspirantes al&hellip;<\/p>\n","protected":false},"author":2,"featured_media":52718,"comment_status":"closed","ping_status":"open","sticky":false,"template":"","format":"standard","meta":{"_lmt_disableupdate":"","_lmt_disable":"","_jetpack_memberships_contains_paid_content":false,"footnotes":""},"categories":[456,109],"tags":[1105],"class_list":["post-59165","post","type-post","status-publish","format-standard","has-post-thumbnail","hentry","category-columna","category-minuto-a-minuto","tag-soledad-jarquin-edgar"],"jetpack_featured_media_url":"https:\/\/zonaroja.com.mx\/wp-content\/uploads\/2023\/03\/Soledad-Jarquin-.jpeg","jetpack_sharing_enabled":true,"_links":{"self":[{"href":"https:\/\/zonaroja.com.mx\/index.php?rest_route=\/wp\/v2\/posts\/59165","targetHints":{"allow":["GET"]}}],"collection":[{"href":"https:\/\/zonaroja.com.mx\/index.php?rest_route=\/wp\/v2\/posts"}],"about":[{"href":"https:\/\/zonaroja.com.mx\/index.php?rest_route=\/wp\/v2\/types\/post"}],"author":[{"embeddable":true,"href":"https:\/\/zonaroja.com.mx\/index.php?rest_route=\/wp\/v2\/users\/2"}],"replies":[{"embeddable":true,"href":"https:\/\/zonaroja.com.mx\/index.php?rest_route=%2Fwp%2Fv2%2Fcomments&post=59165"}],"version-history":[{"count":1,"href":"https:\/\/zonaroja.com.mx\/index.php?rest_route=\/wp\/v2\/posts\/59165\/revisions"}],"predecessor-version":[{"id":59166,"href":"https:\/\/zonaroja.com.mx\/index.php?rest_route=\/wp\/v2\/posts\/59165\/revisions\/59166"}],"wp:featuredmedia":[{"embeddable":true,"href":"https:\/\/zonaroja.com.mx\/index.php?rest_route=\/wp\/v2\/media\/52718"}],"wp:attachment":[{"href":"https:\/\/zonaroja.com.mx\/index.php?rest_route=%2Fwp%2Fv2%2Fmedia&parent=59165"}],"wp:term":[{"taxonomy":"category","embeddable":true,"href":"https:\/\/zonaroja.com.mx\/index.php?rest_route=%2Fwp%2Fv2%2Fcategories&post=59165"},{"taxonomy":"post_tag","embeddable":true,"href":"https:\/\/zonaroja.com.mx\/index.php?rest_route=%2Fwp%2Fv2%2Ftags&post=59165"}],"curies":[{"name":"wp","href":"https:\/\/api.w.org\/{rel}","templated":true}]}}