{"id":59167,"date":"2023-08-26T20:00:00","date_gmt":"2023-08-27T01:00:00","guid":{"rendered":"http:\/\/www.zonaroja.com.mx\/?p=59167"},"modified":"2023-08-26T08:57:23","modified_gmt":"2023-08-26T13:57:23","slug":"tras-hallazgo-de-cuerpo-van-a-canada-familiares-de-desaparecido","status":"publish","type":"post","link":"https:\/\/zonaroja.com.mx\/?p=59167","title":{"rendered":"Tras hallazgo de cuerpo, van a Canad\u00e1 familiares de desaparecido"},"content":{"rendered":"\n<p>Redacci\u00f3n\/Zona Roja Cdmx.<\/p>\n\n\n\n<p>Ciudad de M\u00e9xico, a 26 de agosto de 2023.- El padre y hermano del mexicano Carlos Tom\u00e1s Aranda, reportado desaparecido en Canad\u00e1 desde el pasado 7 de julio, viajaron a Vancouver luego del hallazgo de un cuerpo esta semana a orillas del lago Osoyoos, en la frontera con Estados Unidos, y que se presume pueda ser del originario de Oaxaca, se\u00f1al\u00f3 la canciller Alicia B\u00e1rcena, quien sostuvo que se realizar\u00e1n las pruebas de ADN para la identificaci\u00f3n.<\/p>\n\n\n\n<p>Entrevistada al concluir la ceremonia de firma del convenio de colaboraci\u00f3n para el fortalecimiento del Sistema Regulatorio de Medicamentos y Vacunas, la titular de la Secretar\u00eda de Relaciones Exteriores (SRE), asegur\u00f3 que Canad\u00e1 ha cooperado ampliamente en el caso del ciudadano mexicano.<\/p>\n\n\n\n<p>\u201cS\u00ed, por supuesto, no hay otra forma. Se tiene que hacer una prueba de ADN, con los art\u00edculos del propio Carlos Tom\u00e1s y con la familia. Por eso es importante que vayan el padre y el hermano. Yo no puedo determinar c\u00f3mo se va a hacer esto, porque pertenece a una jurisdicci\u00f3n distinta a la nuestra, que es Canad\u00e1. Lo que estamos buscando es todo el apoyo, y lo hemos recibido.\u201d<\/p>\n\n\n\n<p>SRE, atenta<\/p>\n\n\n\n<p>Destac\u00f3 que la SRE ha estado atenta al caso y ha acompa\u00f1ado a la familia en todo momento y en lo que ha requerido.<\/p>\n\n\n\n<p>\u201cHemos estado muy cerca de este caso desde el d\u00eda uno. Me he reunido con el padre de Carlos Tom\u00e1s Aranda ya dos veces. Nuestra direcci\u00f3n de protecci\u00f3n consular ha estado en absoluto contacto con ellos. Como ustedes saben, ellos son de Oaxaca.<\/p>\n\n\n\n<p>\u201c\u00c9l est\u00e1 viajando a Vancouver, creo que entre hoy (ayer viernes) y ma\u00f1ana (hoy s\u00e1bado). Nosotros lo estamos apoyando con su viaje, hospedaje y alimentaci\u00f3n para que vaya, y tambi\u00e9n con su pasaporte, porque no ten\u00eda el hermano, sobre todo. Los estamos apoyando en todo para acompa\u00f1ar el proceso, incluso el proceso legal.\u201d<\/p>\n\n\n\n<p>Insisti\u00f3 en el respaldo del gobierno de ese pa\u00eds: \u201cHemos tenido muy buena comunicaci\u00f3n con Canad\u00e1, yo tuve la oportunidad de hablar con la ministra de Relaciones Exteriores, M\u00e9lanie Yoly, y desde el principio nos ofrecieron todo el apoyo\u201d.<\/p>\n\n\n\n<p>Acot\u00f3 que incluso la Polic\u00eda Montada de Canad\u00e1 hizo lo pertinente para coadyuvar en el caso. \u201cEs una poblaci\u00f3n en la que no ten\u00edan tanto personal, en un cierto momento, sin embargo, desplegaron todo el personal para hacer las investigaciones\u201d.<\/p>\n\n\n\n<p>(Informaci\u00f3n de \u201cLa Jornada\u201d)<\/p>\n","protected":false},"excerpt":{"rendered":"<p>Redacci\u00f3n\/Zona Roja Cdmx. Ciudad de M\u00e9xico, a 26 de agosto de 2023.- El padre y&hellip;<\/p>\n","protected":false},"author":2,"featured_media":59168,"comment_status":"closed","ping_status":"open","sticky":false,"template":"","format":"standard","meta":{"_lmt_disableupdate":"","_lmt_disable":"","_jetpack_memberships_contains_paid_content":false,"footnotes":""},"categories":[109,47],"tags":[3613],"class_list":["post-59167","post","type-post","status-publish","format-standard","has-post-thumbnail","hentry","category-minuto-a-minuto","category-zona-gris","tag-carlos-tomas-aranda-burgoin-canada"],"jetpack_featured_media_url":"https:\/\/zonaroja.com.mx\/wp-content\/uploads\/2023\/08\/Carlos-Tomas-Aranda-Canada.webp","jetpack_sharing_enabled":true,"_links":{"self":[{"href":"https:\/\/zonaroja.com.mx\/index.php?rest_route=\/wp\/v2\/posts\/59167","targetHints":{"allow":["GET"]}}],"collection":[{"href":"https:\/\/zonaroja.com.mx\/index.php?rest_route=\/wp\/v2\/posts"}],"about":[{"href":"https:\/\/zonaroja.com.mx\/index.php?rest_route=\/wp\/v2\/types\/post"}],"author":[{"embeddable":true,"href":"https:\/\/zonaroja.com.mx\/index.php?rest_route=\/wp\/v2\/users\/2"}],"replies":[{"embeddable":true,"href":"https:\/\/zonaroja.com.mx\/index.php?rest_route=%2Fwp%2Fv2%2Fcomments&post=59167"}],"version-history":[{"count":1,"href":"https:\/\/zonaroja.com.mx\/index.php?rest_route=\/wp\/v2\/posts\/59167\/revisions"}],"predecessor-version":[{"id":59169,"href":"https:\/\/zonaroja.com.mx\/index.php?rest_route=\/wp\/v2\/posts\/59167\/revisions\/59169"}],"wp:featuredmedia":[{"embeddable":true,"href":"https:\/\/zonaroja.com.mx\/index.php?rest_route=\/wp\/v2\/media\/59168"}],"wp:attachment":[{"href":"https:\/\/zonaroja.com.mx\/index.php?rest_route=%2Fwp%2Fv2%2Fmedia&parent=59167"}],"wp:term":[{"taxonomy":"category","embeddable":true,"href":"https:\/\/zonaroja.com.mx\/index.php?rest_route=%2Fwp%2Fv2%2Fcategories&post=59167"},{"taxonomy":"post_tag","embeddable":true,"href":"https:\/\/zonaroja.com.mx\/index.php?rest_route=%2Fwp%2Fv2%2Ftags&post=59167"}],"curies":[{"name":"wp","href":"https:\/\/api.w.org\/{rel}","templated":true}]}}