{"id":59170,"date":"2023-08-26T21:24:47","date_gmt":"2023-08-27T02:24:47","guid":{"rendered":"http:\/\/www.zonaroja.com.mx\/?p=59170"},"modified":"2023-08-26T21:24:50","modified_gmt":"2023-08-27T02:24:50","slug":"demanda-ogaipo-transparencia-a-neri-en-contratacion-de-empresa-para-traslado-de-basura","status":"publish","type":"post","link":"https:\/\/zonaroja.com.mx\/?p=59170","title":{"rendered":"Demanda Ogaipo transparencia a Neri en contrataci\u00f3n de empresa para traslado de basura"},"content":{"rendered":"\n<p>Yuridiana Sosa\/Zona Roja.<\/p>\n\n\n\n<p>Oaxaca de Ju\u00e1rez, Oax., a 26 de agosto de 2023.- El \u00d3rgano Garante de Acceso a la Informaci\u00f3n P\u00fablica, Transparencia, Protecci\u00f3n de Datos Personales, de Oaxaca, (Ogaipo) orden\u00f3 al ayuntamiento de Oaxaca de Ju\u00e1rez transparentar informaci\u00f3n sobre el traslado de la basura a Puebla.<\/p>\n\n\n\n<p>En sesi\u00f3n ordinaria del Consejo General, por mayor\u00eda de votos, el pleno del organismo vot\u00f3 a favor. del recurso de revisi\u00f3n en el que se ordena al sujeto obligado a modificar su respuesta, misma que hab\u00eda declarado en la modalidad de reservada.<\/p>\n\n\n\n<p>Fue por medio de una solicitud de transparencia, que un ciudadano demand\u00f3 al ayuntamiento a cargo de Francisco Mart\u00ednez Neri que hiciera p\u00fablica la informaci\u00f3n sobre el contrato que realiz\u00f3 con la empresa \u00abTransportes Coordinados de la Verde Antequera\u201d para el traslado de los residuos s\u00f3lidos a San Pedro Cholula, Puebla, durante el 2022 y 2023.<\/p>\n\n\n\n<p>En la solicitud se pide al ayuntamiento declare la forma de licitaci\u00f3n y si fue por invitaci\u00f3n directa exponga los motivos.<\/p>\n\n\n\n<p>Por medio de la Secretar\u00eda de Recursos Humanos el gobierno municipal dio respuesta no favorable a la petici\u00f3n del solicitante, por lo que el ciudadano bajo el argumento que el ayuntamiento se neg\u00f3 a revelar el contrato demand\u00f3 la intervenci\u00f3n del Ogaipo para que la autoridad no sea omisa en dicha informaci\u00f3n.<\/p>\n\n\n\n<p>El recurso de revisi\u00f3n fue aprobado por la mayor\u00eda, a excepci\u00f3n del voto particular en contra de la Consejera Claudia Ivette Soto Pineda, quien expuso diversos argumentos, pues desde su an\u00e1lisis existen inconsistencias en la lectura de la solicitud y otras aprobaciones pasadas.<\/p>\n\n\n\n<p>Entre estas, dijo, que el ayuntamiento ya hab\u00eda manifestado que no exist\u00eda contrato con la empresa mencionada, por lo que para obtener informaci\u00f3n clara deben realizarse otros requerimientos.&nbsp;<\/p>\n","protected":false},"excerpt":{"rendered":"<p>Yuridiana Sosa\/Zona Roja. Oaxaca de Ju\u00e1rez, Oax., a 26 de agosto de 2023.- El \u00d3rgano&hellip;<\/p>\n","protected":false},"author":2,"featured_media":59172,"comment_status":"closed","ping_status":"open","sticky":false,"template":"","format":"standard","meta":{"_lmt_disableupdate":"","_lmt_disable":"","_jetpack_memberships_contains_paid_content":false,"footnotes":""},"categories":[109,47],"tags":[2418],"class_list":["post-59170","post","type-post","status-publish","format-standard","has-post-thumbnail","hentry","category-minuto-a-minuto","category-zona-gris","tag-francisco-martinez-neri"],"jetpack_featured_media_url":"https:\/\/zonaroja.com.mx\/wp-content\/uploads\/2023\/08\/Francisco-Martinez-Neri.jpg","jetpack_sharing_enabled":true,"_links":{"self":[{"href":"https:\/\/zonaroja.com.mx\/index.php?rest_route=\/wp\/v2\/posts\/59170","targetHints":{"allow":["GET"]}}],"collection":[{"href":"https:\/\/zonaroja.com.mx\/index.php?rest_route=\/wp\/v2\/posts"}],"about":[{"href":"https:\/\/zonaroja.com.mx\/index.php?rest_route=\/wp\/v2\/types\/post"}],"author":[{"embeddable":true,"href":"https:\/\/zonaroja.com.mx\/index.php?rest_route=\/wp\/v2\/users\/2"}],"replies":[{"embeddable":true,"href":"https:\/\/zonaroja.com.mx\/index.php?rest_route=%2Fwp%2Fv2%2Fcomments&post=59170"}],"version-history":[{"count":1,"href":"https:\/\/zonaroja.com.mx\/index.php?rest_route=\/wp\/v2\/posts\/59170\/revisions"}],"predecessor-version":[{"id":59173,"href":"https:\/\/zonaroja.com.mx\/index.php?rest_route=\/wp\/v2\/posts\/59170\/revisions\/59173"}],"wp:featuredmedia":[{"embeddable":true,"href":"https:\/\/zonaroja.com.mx\/index.php?rest_route=\/wp\/v2\/media\/59172"}],"wp:attachment":[{"href":"https:\/\/zonaroja.com.mx\/index.php?rest_route=%2Fwp%2Fv2%2Fmedia&parent=59170"}],"wp:term":[{"taxonomy":"category","embeddable":true,"href":"https:\/\/zonaroja.com.mx\/index.php?rest_route=%2Fwp%2Fv2%2Fcategories&post=59170"},{"taxonomy":"post_tag","embeddable":true,"href":"https:\/\/zonaroja.com.mx\/index.php?rest_route=%2Fwp%2Fv2%2Ftags&post=59170"}],"curies":[{"name":"wp","href":"https:\/\/api.w.org\/{rel}","templated":true}]}}