{"id":59180,"date":"2023-08-27T10:00:00","date_gmt":"2023-08-27T15:00:00","guid":{"rendered":"http:\/\/www.zonaroja.com.mx\/?p=59180"},"modified":"2023-08-27T08:12:24","modified_gmt":"2023-08-27T13:12:24","slug":"oaxaca-cierra-sabado-con-hombre-y-mujer-ejecutados-en-48-horas-suman-10-crimenes","status":"publish","type":"post","link":"https:\/\/zonaroja.com.mx\/?p=59180","title":{"rendered":"Oaxaca cierra s\u00e1bado con hombre y mujer ejecutados; en 48 horas suman 10 cr\u00edmenes\u00a0"},"content":{"rendered":"\n<p>Ismael Garc\u00eda M.\/Zona Roja.<\/p>\n\n\n\n<p>Oaxaca de Ju\u00e1rez, Oax., a 27 de agosto de 2023.- Dos personas, un hombre y una mujer, fueron ejecutados a balazos anoche en San Lorenzo Cacaotepec, municipio de la regi\u00f3n Valles Centrales de Oaxaca.<\/p>\n\n\n\n<p>Con ese doble homicidio, suman 10 cr\u00edmenes registrados en la entidad en las \u00faltimas 48 horas, de los cuales dos son de mujeres; la mayor\u00eda de los casos en la regi\u00f3n del Istmo de Tehuantepec.<\/p>\n\n\n\n<p>Cerca de la medianoche de ayer, en la calle Constituci\u00f3n del barrio San Antonio de Cacaotepec, sicarios presuntamente a bordo de una motocicleta dispararon en contra de los ocupantes de un coche marca Dodge, tipo Atitud, con placas de circulaci\u00f3n TMS-1587.<\/p>\n\n\n\n<p>Las v\u00edctimas a\u00fan no han sido identificadas y perdieron la vida en la unidad de motor, mientras los presuntos criminales lograron huir. La madrugada de hoy, personal de la Fiscal\u00eda General del Estado concluy\u00f3 el levantamiento de indicios y de los cuerpos.<\/p>\n\n\n\n<p>OLA CRIMINAL<\/p>\n\n\n\n<p>Con esos dos asesinatos, suman 10 personas ultimadas por disparos de arma de fuego entre el viernes y el s\u00e1bado.<\/p>\n\n\n\n<p>Con los casos de Cacaotepec, ayer \u2014d\u00eda que el Presidente Andr\u00e9s Manuel L\u00f3pez Obrador visit\u00f3 la Costa de Oaxaca con el gobernador Salom\u00f3n Jara Cruz\u2014 suman cinco cr\u00edmenes; uno en Salina Cruz, otro en Santa Cruz Xoxocotl\u00e1n y otro en Santo Domingo Tehuantepec, donde adem\u00e1s result\u00f3 otra persona lesionada de bala.<\/p>\n\n\n\n<p>Mientras que el viernes fueron ejecutadas a balazos cinco personas, dos de ellas en la Villa de Zaachila, una en Santo Domingo Tehuantepec y dos en San Juan Guichicovi.<\/p>\n","protected":false},"excerpt":{"rendered":"<p>Ismael Garc\u00eda M.\/Zona Roja. Oaxaca de Ju\u00e1rez, Oax., a 27 de agosto de 2023.- Dos&hellip;<\/p>\n","protected":false},"author":2,"featured_media":59181,"comment_status":"closed","ping_status":"open","sticky":false,"template":"","format":"standard","meta":{"_lmt_disableupdate":"","_lmt_disable":"","_jetpack_memberships_contains_paid_content":false,"footnotes":""},"categories":[109,51],"tags":[846],"class_list":["post-59180","post","type-post","status-publish","format-standard","has-post-thumbnail","hentry","category-minuto-a-minuto","category-zona-roja","tag-san-lorenzo-cacaotepec"],"jetpack_featured_media_url":"https:\/\/zonaroja.com.mx\/wp-content\/uploads\/2023\/08\/Ejecutados-hombre-y-mujer-San-Lorenzo-Cacaotepec.jpg","jetpack_sharing_enabled":true,"_links":{"self":[{"href":"https:\/\/zonaroja.com.mx\/index.php?rest_route=\/wp\/v2\/posts\/59180","targetHints":{"allow":["GET"]}}],"collection":[{"href":"https:\/\/zonaroja.com.mx\/index.php?rest_route=\/wp\/v2\/posts"}],"about":[{"href":"https:\/\/zonaroja.com.mx\/index.php?rest_route=\/wp\/v2\/types\/post"}],"author":[{"embeddable":true,"href":"https:\/\/zonaroja.com.mx\/index.php?rest_route=\/wp\/v2\/users\/2"}],"replies":[{"embeddable":true,"href":"https:\/\/zonaroja.com.mx\/index.php?rest_route=%2Fwp%2Fv2%2Fcomments&post=59180"}],"version-history":[{"count":1,"href":"https:\/\/zonaroja.com.mx\/index.php?rest_route=\/wp\/v2\/posts\/59180\/revisions"}],"predecessor-version":[{"id":59182,"href":"https:\/\/zonaroja.com.mx\/index.php?rest_route=\/wp\/v2\/posts\/59180\/revisions\/59182"}],"wp:featuredmedia":[{"embeddable":true,"href":"https:\/\/zonaroja.com.mx\/index.php?rest_route=\/wp\/v2\/media\/59181"}],"wp:attachment":[{"href":"https:\/\/zonaroja.com.mx\/index.php?rest_route=%2Fwp%2Fv2%2Fmedia&parent=59180"}],"wp:term":[{"taxonomy":"category","embeddable":true,"href":"https:\/\/zonaroja.com.mx\/index.php?rest_route=%2Fwp%2Fv2%2Fcategories&post=59180"},{"taxonomy":"post_tag","embeddable":true,"href":"https:\/\/zonaroja.com.mx\/index.php?rest_route=%2Fwp%2Fv2%2Ftags&post=59180"}],"curies":[{"name":"wp","href":"https:\/\/api.w.org\/{rel}","templated":true}]}}