{"id":59185,"date":"2023-08-27T13:00:00","date_gmt":"2023-08-27T18:00:00","guid":{"rendered":"http:\/\/www.zonaroja.com.mx\/?p=59185"},"modified":"2023-08-27T08:27:26","modified_gmt":"2023-08-27T13:27:26","slug":"alista-cacaotepec-fiestas-patrias-la-autoridad-municipal-garantiza-seguridad","status":"publish","type":"post","link":"https:\/\/zonaroja.com.mx\/?p=59185","title":{"rendered":"Alista Cacaotepec fiestas patrias; la autoridad municipal garantiza seguridad"},"content":{"rendered":"\n<p>Redacci\u00f3n\/Zona Roja.<\/p>\n\n\n\n<p>Oaxaca de Ju\u00e1rez, Oax., a 27 de agosto de 2023.- En v\u00edsperas de iniciar las fiestas patrias, en San Lorenzo Cacaotepec fue elegida la Se\u00f1orita Am\u00e9rica 2023 con sus coristas.<\/p>\n\n\n\n<p>La semana pasada se efectu\u00f3 el concurso mediante un jurado, que fue encabezado por la presidenta municipal, Iris Jocel\u00edn L\u00f3pez Zavaleta, quien garantiz\u00f3 seguridad para los vecinos de la localidad y los visitantes.<\/p>\n\n\n\n<p>El certamen const\u00f3 de dos rondas de canto, la primera con una pista musical y la segunda a capella, para finalizar, entonaron juntas el Himno Nacional, a fin de dar muestra de la uni\u00f3n de voces.<\/p>\n\n\n\n<p>Al final de las muestras vocales y antes de dar el veredicto, la alcaldesa y los integrantes del jurado tuvieron una intervenci\u00f3n y charla con cada una de las participantes sobre sentir el patriotismo, as\u00ed como el valor y la importancia de ser Am\u00e9rica o corista y cantar con orgullo el Himno Nacional Mexicano.<\/p>\n\n\n\n<p>Tras ello, Valeria Mart\u00ednez S\u00e1nchez fue electa como Se\u00f1orita Am\u00e9rica, mientras que como coristas Cecilia Guadalupe Santiago Victoria, Karla Azucena Cruz Santiago, Cecilia Canseco L\u00e1zaro, Hannia Alicia Iba\u00f1ez Merl\u00edn, Mar\u00eda Jos\u00e9 Cruz Ventura y Garc\u00eda Zeferino Itzel Jaqueline<\/p>\n\n\n\n<p>El jurado estuvo tambi\u00e9n integrado por la coordinadora de la Banda de Alientos Infantil y Juvenil de San Lorenzo, Dayli Cruz Hern\u00e1ndez; la m\u00fasico y saxofonista con experiencia en coro Yamilet M\u00e1rquez Betanzos, as\u00ed como el cantante Sa\u00fal Efra\u00edn Diaz Mateos, cuyo veredicto es inapelable.<\/p>\n\n\n\n<p>La presidenta municipal L\u00f3pez Zavaleta invit\u00f3 a la poblaci\u00f3n en general a sumarse con entusiasmo a las fiestas patrias y reiter\u00f3 que desde el inicio de su administraci\u00f3n, se han reforzado las acciones de seguridad, para garantizar todos los d\u00edas la paz y la tranquilidad de los habitantes.<\/p>\n","protected":false},"excerpt":{"rendered":"<p>Redacci\u00f3n\/Zona Roja. Oaxaca de Ju\u00e1rez, Oax., a 27 de agosto de 2023.- En v\u00edsperas de&hellip;<\/p>\n","protected":false},"author":2,"featured_media":59142,"comment_status":"closed","ping_status":"open","sticky":false,"template":"","format":"standard","meta":{"_lmt_disableupdate":"","_lmt_disable":"","_jetpack_memberships_contains_paid_content":false,"footnotes":""},"categories":[109,46],"tags":[846],"class_list":["post-59185","post","type-post","status-publish","format-standard","has-post-thumbnail","hentry","category-minuto-a-minuto","category-zona-blanca","tag-san-lorenzo-cacaotepec"],"jetpack_featured_media_url":"https:\/\/zonaroja.com.mx\/wp-content\/uploads\/2023\/08\/Senorita-America-San-Lorenzo-Cacaotepec.jpg","jetpack_sharing_enabled":true,"_links":{"self":[{"href":"https:\/\/zonaroja.com.mx\/index.php?rest_route=\/wp\/v2\/posts\/59185","targetHints":{"allow":["GET"]}}],"collection":[{"href":"https:\/\/zonaroja.com.mx\/index.php?rest_route=\/wp\/v2\/posts"}],"about":[{"href":"https:\/\/zonaroja.com.mx\/index.php?rest_route=\/wp\/v2\/types\/post"}],"author":[{"embeddable":true,"href":"https:\/\/zonaroja.com.mx\/index.php?rest_route=\/wp\/v2\/users\/2"}],"replies":[{"embeddable":true,"href":"https:\/\/zonaroja.com.mx\/index.php?rest_route=%2Fwp%2Fv2%2Fcomments&post=59185"}],"version-history":[{"count":1,"href":"https:\/\/zonaroja.com.mx\/index.php?rest_route=\/wp\/v2\/posts\/59185\/revisions"}],"predecessor-version":[{"id":59186,"href":"https:\/\/zonaroja.com.mx\/index.php?rest_route=\/wp\/v2\/posts\/59185\/revisions\/59186"}],"wp:featuredmedia":[{"embeddable":true,"href":"https:\/\/zonaroja.com.mx\/index.php?rest_route=\/wp\/v2\/media\/59142"}],"wp:attachment":[{"href":"https:\/\/zonaroja.com.mx\/index.php?rest_route=%2Fwp%2Fv2%2Fmedia&parent=59185"}],"wp:term":[{"taxonomy":"category","embeddable":true,"href":"https:\/\/zonaroja.com.mx\/index.php?rest_route=%2Fwp%2Fv2%2Fcategories&post=59185"},{"taxonomy":"post_tag","embeddable":true,"href":"https:\/\/zonaroja.com.mx\/index.php?rest_route=%2Fwp%2Fv2%2Ftags&post=59185"}],"curies":[{"name":"wp","href":"https:\/\/api.w.org\/{rel}","templated":true}]}}