{"id":59189,"date":"2023-08-27T17:33:00","date_gmt":"2023-08-27T22:33:00","guid":{"rendered":"http:\/\/www.zonaroja.com.mx\/?p=59189"},"modified":"2023-08-27T20:13:11","modified_gmt":"2023-08-28T01:13:11","slug":"sin-lideres-e-intermediarios-entregaran-gobiernos-escrituras-a-familias-en-huatulco","status":"publish","type":"post","link":"https:\/\/zonaroja.com.mx\/?p=59189","title":{"rendered":"Sin l\u00edderes e intermediarios, entregar\u00e1n gobiernos escrituras a familias en Huatulco"},"content":{"rendered":"\n<p>Yuridiana Sosa\/Zona Roja.<\/p>\n\n\n\n<p>Oaxaca de Ju\u00e1rez, Oax., a 27 de agosto de 2023.- El Presidente de M\u00e9xico, Andr\u00e9s Manuel L\u00f3pez Obrador, anunci\u00f3 que en Huatulco dar\u00e1n certeza jur\u00eddica a m\u00e1s de dos mil familias sobre sus terrenos, lo cual se realiza sin l\u00edderes o abogados \u201ccoyotes\u201d, como intermediarios para evitar abusos.<\/p>\n\n\n\n<p>En su conferencia matutina del viernes, el mandatario nacional se\u00f1al\u00f3 que junto al gobierno de Oaxaca se trabaja para la escrituraci\u00f3n de terrenos para las familias que por varios a\u00f1os han demandado regularizaci\u00f3n en zonas marginadas de Huatulco, pero ahora ser\u00e1 en zonas seguras y no prohibidas.<\/p>\n\n\n\n<p>Como parte de ello, dijo, les ayudar\u00e1n con infraestructura b\u00e1sica y cr\u00e9ditos para viviendas a largo plazo y sin intereses.<\/p>\n\n\n\n<p>L\u00f3pez Obrador advirti\u00f3 que en medio de este proceso tratan de intervenir abogados \u201ccoyotes\u201d y l\u00edderes que por varios a\u00f1os han vivido de extorsionar a las personas.<\/p>\n\n\n\n<p>\u201cLa instrucci\u00f3n que di es que no hablen con los dirigentes, porque esos trafican con la necesidad del pueblo, y sacan raja, sacan provecho\u201d, expres\u00f3 el mandatario.<\/p>\n\n\n\n<p>Para ello, las autoridades realizan el procedimiento casa por casa para informar a la poblaci\u00f3n de los beneficios del plan y con el compromiso del presidente que antes de terminar su sexenio tendr\u00e1n su lote y escrituras.<\/p>\n\n\n\n<p>\u201cPero estos dirigentes chafas est\u00e1n presionando, dici\u00e9ndoles que no se muevan de donde est\u00e1n, que son lugares que no son apropiados por los riesgos y como la gente se rebela, y no hace caso (a los dirigentes) ya empezaron a amenazarlos, les cortan la luz\u201d, detall\u00f3 L\u00f3pez Obrados sobre el panorama actual en Huatulco.<\/p>\n\n\n\n<p>Entre eso, envi\u00f3 un mensaje a la poblaci\u00f3n: \u201cDecirle a la gente que ya di la instrucci\u00f3n de que los protejan para que contin\u00fae el proceso de regularizaci\u00f3n en Huatulco y que vamos adelante con la transformaci\u00f3n\u201d.<\/p>\n\n\n\n<p>Por su parte, el gobernador de Oaxaca, Salom\u00f3n Jara Cruz, comparti\u00f3 el mensaje del presidente y asegur\u00f3 que entre ambos gobiernos se avanza para \u201cterminar con la brecha de desigualdad y abandono que nos heredaron esos gobiernos fantoches del pasado\u201d.<\/p>\n\n\n\n<p>\u201cEn Huatulco, gracias al Mandatario Nacional alrededor de dos mil familias tendr\u00e1n certeza sobre sus tierras y acceso a vivienda digna\u201d.<\/p>\n\n\n\n<p>DENUNCIAN DETENCIONES<\/p>\n\n\n\n<p>En ese marco, la Red Estatal de V\u00edctimas de Oaxaca \u201cTom\u00e1s Mart\u00ednez\u201d denunci\u00f3 ayer que el dirigente Jos\u00e9 Villanueva Murillo, del Frente Popular Revolucionario y quien encabeza la lucha de la vivienda en Huatulco, fue detenido el 24 de agosto.<\/p>\n\n\n\n<p>La organizaci\u00f3n se\u00f1al\u00f3 en conferencia que la detenci\u00f3n se realiz\u00f3 a dos semanas de que el secretario de Gobierno, Jes\u00fas Romero, hizo se\u00f1alamientos en contra de Villanueva Murillo por estar al frente de la demanda de regularizaci\u00f3n de la tenencia de la tierra en los pol\u00edgonos de Huatulco, particularmente en la Sexta Etapa H3, en donde viven m\u00e1s de 200 familias.<\/p>\n\n\n\n<p>A su vez, el hijo del l\u00edder, Jos\u00e9 Villanueva, tambi\u00e9n fue detenido mientras se encontraba en la Fiscal\u00eda General para atender el caso de su padre.<\/p>\n\n\n\n<p>Ante estos hechos, la Red Estatal de V\u00edctimas se\u00f1al\u00f3 que el gobierno estatal est\u00e1 fabricando delitos contra quienes se oponen a este tipo de proyectos.<\/p>\n\n\n\n<p>Tras ello, este s\u00e1bado por la ma\u00f1ana fueron puestos en libertad, aunque no se conocieron las condiciones para ello.<\/p>\n","protected":false},"excerpt":{"rendered":"<p>Yuridiana Sosa\/Zona Roja. Oaxaca de Ju\u00e1rez, Oax., a 27 de agosto de 2023.- El Presidente&hellip;<\/p>\n","protected":false},"author":2,"featured_media":48144,"comment_status":"closed","ping_status":"open","sticky":false,"template":"","format":"standard","meta":{"_lmt_disableupdate":"","_lmt_disable":"","_jetpack_memberships_contains_paid_content":false,"footnotes":""},"categories":[109,46],"tags":[],"class_list":["post-59189","post","type-post","status-publish","format-standard","has-post-thumbnail","hentry","category-minuto-a-minuto","category-zona-blanca"],"jetpack_featured_media_url":"https:\/\/zonaroja.com.mx\/wp-content\/uploads\/2022\/11\/Cabecera-Santa-Maria-Huatulco.jpg","jetpack_sharing_enabled":true,"_links":{"self":[{"href":"https:\/\/zonaroja.com.mx\/index.php?rest_route=\/wp\/v2\/posts\/59189","targetHints":{"allow":["GET"]}}],"collection":[{"href":"https:\/\/zonaroja.com.mx\/index.php?rest_route=\/wp\/v2\/posts"}],"about":[{"href":"https:\/\/zonaroja.com.mx\/index.php?rest_route=\/wp\/v2\/types\/post"}],"author":[{"embeddable":true,"href":"https:\/\/zonaroja.com.mx\/index.php?rest_route=\/wp\/v2\/users\/2"}],"replies":[{"embeddable":true,"href":"https:\/\/zonaroja.com.mx\/index.php?rest_route=%2Fwp%2Fv2%2Fcomments&post=59189"}],"version-history":[{"count":1,"href":"https:\/\/zonaroja.com.mx\/index.php?rest_route=\/wp\/v2\/posts\/59189\/revisions"}],"predecessor-version":[{"id":59190,"href":"https:\/\/zonaroja.com.mx\/index.php?rest_route=\/wp\/v2\/posts\/59189\/revisions\/59190"}],"wp:featuredmedia":[{"embeddable":true,"href":"https:\/\/zonaroja.com.mx\/index.php?rest_route=\/wp\/v2\/media\/48144"}],"wp:attachment":[{"href":"https:\/\/zonaroja.com.mx\/index.php?rest_route=%2Fwp%2Fv2%2Fmedia&parent=59189"}],"wp:term":[{"taxonomy":"category","embeddable":true,"href":"https:\/\/zonaroja.com.mx\/index.php?rest_route=%2Fwp%2Fv2%2Fcategories&post=59189"},{"taxonomy":"post_tag","embeddable":true,"href":"https:\/\/zonaroja.com.mx\/index.php?rest_route=%2Fwp%2Fv2%2Ftags&post=59189"}],"curies":[{"name":"wp","href":"https:\/\/api.w.org\/{rel}","templated":true}]}}