{"id":59193,"date":"2023-08-28T08:00:00","date_gmt":"2023-08-28T13:00:00","guid":{"rendered":"http:\/\/www.zonaroja.com.mx\/?p=59193"},"modified":"2023-08-27T21:29:27","modified_gmt":"2023-08-28T02:29:27","slug":"van-2300-millones-de-pesos-destinados-a-damnificados-de-huracan-agatha","status":"publish","type":"post","link":"https:\/\/zonaroja.com.mx\/?p=59193","title":{"rendered":"Van 2,300 millones de pesos destinados a damnificados de hurac\u00e1n \u201c\u00c1gatha\u201d"},"content":{"rendered":"\n<p>Redacci\u00f3n\/Zona Roja.<\/p>\n\n\n\n<p>Oaxaca de Ju\u00e1rez, Oax., a 28 de agosto de 2023.- El gobierno de M\u00e9xico autoriz\u00f3 recursos adicionales por mil 600 millones de pesos a 31 municipios de Oaxaca afectados por el hurac\u00e1n \u201c\u00c1gatha\u201d.<\/p>\n\n\n\n<p>Ese dinero se suma a los mil 200 millones de pesos que se otorgaron de manera inicial por los da\u00f1os causados por el fen\u00f3meno hidrometeorol\u00f3gico el a\u00f1o pasado.<\/p>\n\n\n\n<p>El Presidente Andr\u00e9s Manuel L\u00f3pez Obrador encabez\u00f3 ayer en Bah\u00edas de Huatulco una reuni\u00f3n de evaluaci\u00f3n, en el marco del segundo d\u00eda de su gira de trabajo por Oaxaca.<\/p>\n\n\n\n<p>En su mensaje, en presencia de la secretaria de Gobernaci\u00f3n, Luisa Mar\u00eda Alcalde Luj\u00e1n y funcionarios federales, el mandatario mexicano reiter\u00f3 que por primera vez, los recursos presupuestales se han entregado de manera directa a los municipios, sin intermediario alguno.&nbsp;<\/p>\n\n\n\n<p>A su vez, el gobernador Salom\u00f3n Jara Cruz expuso que lo que hoy se eval\u00faa es el \u00e9xito de un modelo participativo que con escasas excepciones ha permitido comprobar que los municipios pueden ser corresponsables y ejercer, con responsabilidad, honestidad y eficiencia, el dinero del pueblo en beneficio colectivo.<\/p>\n\n\n\n<p>En el encuentro se inform\u00f3 que los recursos adicionales corresponden a un monto de mil 100 millones de pesos, de los cuales 500 millones se entregar\u00e1n este a\u00f1o y 600 en el 2024, a fin de atender el grave rezago y las necesidades de los 31 pueblos afectados.<\/p>\n\n\n\n<figure class=\"wp-block-embed is-type-rich is-provider-twitter wp-block-embed-twitter\"><div class=\"wp-block-embed__wrapper\">\n<div class=\"twitter-tweet\"><blockquote class=\"twitter-tweet\" data-lang=\"es\"><p lang=\"es\" dir=\"ltr\">En su segundo d\u00eda en <a href=\"https:\/\/twitter.com\/hashtag\/Oaxaca?src=hash&amp;ref_src=twsrc%5Etfw\">#Oaxaca<\/a>, en Santa Mar\u00eda <a href=\"https:\/\/twitter.com\/hashtag\/Huatulco?src=hash&amp;ref_src=twsrc%5Etfw\">#Huatulco<\/a>, el Presidente <a href=\"https:\/\/twitter.com\/lopezobrador_?ref_src=twsrc%5Etfw\">@lopezobrador_<\/a> presidi\u00f3 la evaluaci\u00f3n los avances del Plan de Apoyo a Personas Afectadas por el Hurac\u00e1n \u201cAgatha\u201d.<br>Acudi\u00f3 tambi\u00e9n la secretaria de Gobernaci\u00f3n, <a href=\"https:\/\/twitter.com\/LuisaAlcalde?ref_src=twsrc%5Etfw\">@LuisaAlcalde<\/a>, adem\u00e1s del anfitri\u00f3n, el gobernador\u2026 <a href=\"https:\/\/t.co\/Jopyr1qoCM\">pic.twitter.com\/Jopyr1qoCM<\/a><\/p>&mdash; Zona Roja Oaxaca (@ZonaRoja_Oaxaca) <a href=\"https:\/\/twitter.com\/ZonaRoja_Oaxaca\/status\/1695883336840012171?ref_src=twsrc%5Etfw\">27 de agosto de 2023<\/a><\/blockquote><\/div>\n<\/div><\/figure>\n\n\n\n<p>Este recurso se suma a los mil 200 millones de pesos que el Gobierno de M\u00e9xico destin\u00f3 de manera emergente tras el paso de este hurac\u00e1n para hacer frente a los desastres naturales, aplicando con ello un nuevo modelo de intervenci\u00f3n, sin intermediarios, que permiti\u00f3 que los recursos llegaran a quien los necesitaba.<\/p>\n\n\n\n<p>De acuerdo con un comunicado de prensa, Jara Cruz reiter\u00f3 al Presidente Andr\u00e9s Manuel L\u00f3pez Obrador su agradecimiento por el apoyo constante y por el compromiso de su gobierno con el bienestar de las personas afectadas.&nbsp;<\/p>\n\n\n\n<p>Destac\u00f3 que a inicios del a\u00f1o se realizaron asambleas para constatar en voz de las propias comunidades la utilizaci\u00f3n y destino de los recursos asignados a los 31 municipios afectados, con lo que dijo, \u201cqued\u00f3 demostrado que se puede confiar en la gente y que no hay otra ruta m\u00e1s que gobernar para y con el pueblo\u201d.<\/p>\n\n\n\n<p>En este encuentro estuvieron presentes el secretario de la Defensa Nacional (Sedena), General Luis Cresencio Sandoval Gonz\u00e1lez; el secretario de Marina (Semar), Almirante Jos\u00e9 Rafael Ojeda Dur\u00e1n; la secretaria de Bienestar Ariadna Montiel Reyes; el secretario de Infraestructura, Comunicaciones y Transportes, Jorge Nu\u00f1o Lara, y la secretaria de Educaci\u00f3n P\u00fablica, Leticia Ram\u00edrez Amaya.<\/p>\n","protected":false},"excerpt":{"rendered":"<p>Redacci\u00f3n\/Zona Roja. Oaxaca de Ju\u00e1rez, Oax., a 28 de agosto de 2023.- El gobierno de&hellip;<\/p>\n","protected":false},"author":2,"featured_media":59194,"comment_status":"closed","ping_status":"open","sticky":false,"template":"","format":"standard","meta":{"_lmt_disableupdate":"","_lmt_disable":"","_jetpack_memberships_contains_paid_content":false,"footnotes":""},"categories":[109,46],"tags":[1536],"class_list":["post-59193","post","type-post","status-publish","format-standard","has-post-thumbnail","hentry","category-minuto-a-minuto","category-zona-blanca","tag-visita-andres-manuel-lopez-obrador-a-oaxaca"],"jetpack_featured_media_url":"https:\/\/zonaroja.com.mx\/wp-content\/uploads\/2023\/08\/Lopez-Obrador-y-Salomon-Jara-Huatulco-Oaxaca.jpeg","jetpack_sharing_enabled":true,"_links":{"self":[{"href":"https:\/\/zonaroja.com.mx\/index.php?rest_route=\/wp\/v2\/posts\/59193","targetHints":{"allow":["GET"]}}],"collection":[{"href":"https:\/\/zonaroja.com.mx\/index.php?rest_route=\/wp\/v2\/posts"}],"about":[{"href":"https:\/\/zonaroja.com.mx\/index.php?rest_route=\/wp\/v2\/types\/post"}],"author":[{"embeddable":true,"href":"https:\/\/zonaroja.com.mx\/index.php?rest_route=\/wp\/v2\/users\/2"}],"replies":[{"embeddable":true,"href":"https:\/\/zonaroja.com.mx\/index.php?rest_route=%2Fwp%2Fv2%2Fcomments&post=59193"}],"version-history":[{"count":1,"href":"https:\/\/zonaroja.com.mx\/index.php?rest_route=\/wp\/v2\/posts\/59193\/revisions"}],"predecessor-version":[{"id":59195,"href":"https:\/\/zonaroja.com.mx\/index.php?rest_route=\/wp\/v2\/posts\/59193\/revisions\/59195"}],"wp:featuredmedia":[{"embeddable":true,"href":"https:\/\/zonaroja.com.mx\/index.php?rest_route=\/wp\/v2\/media\/59194"}],"wp:attachment":[{"href":"https:\/\/zonaroja.com.mx\/index.php?rest_route=%2Fwp%2Fv2%2Fmedia&parent=59193"}],"wp:term":[{"taxonomy":"category","embeddable":true,"href":"https:\/\/zonaroja.com.mx\/index.php?rest_route=%2Fwp%2Fv2%2Fcategories&post=59193"},{"taxonomy":"post_tag","embeddable":true,"href":"https:\/\/zonaroja.com.mx\/index.php?rest_route=%2Fwp%2Fv2%2Ftags&post=59193"}],"curies":[{"name":"wp","href":"https:\/\/api.w.org\/{rel}","templated":true}]}}