{"id":59196,"date":"2023-08-28T09:14:00","date_gmt":"2023-08-28T14:14:00","guid":{"rendered":"http:\/\/www.zonaroja.com.mx\/?p=59196"},"modified":"2023-08-28T09:41:52","modified_gmt":"2023-08-28T14:41:52","slug":"opinion-amlo-quinto-informe-el-declive-y-la-crisis-que-viene","status":"publish","type":"post","link":"https:\/\/zonaroja.com.mx\/?p=59196","title":{"rendered":"Familiares de desaparecidos en Oaxaca, entre el dolor y la esperanza&#8230; los fraudes"},"content":{"rendered":"\n<p>Ismael Garc\u00eda M.\/Zona Roja.<\/p>\n\n\n\n<p>Oaxaca de Ju\u00e1rez, Oax., a 28 de agosto de 2023.- El sol cae a plomo en la Alameda central de la ciudad de Oaxaca.<\/p>\n\n\n\n<p>Pero m\u00e1s pesada la losa que llevan hombres y mujeres que perdieron a un hijo, a una hija, a un ser querido, Y no los hallan, y no encuentran consuelo.<\/p>\n\n\n\n<p>Mediod\u00eda de domingo, la melod\u00eda contribuye al dolor:<\/p>\n\n\n\n<p>\u201cQue se me acaben las noches, para no so\u00f1arte; me queda grande la vida, desde que no est\u00e1s. La casa est\u00e1 triste, desde que te fuiste, hay luto en mi alma y en mi coraz\u00f3n; me sobra tu espacio, me duele tu ausencia, pero para olvidarte, me falta valor. Me falta tu risa, me estorba el amor, que llevo en el pecho y se me hace dolor\u2026\u201d.<\/p>\n\n\n\n<p>Cala el alma, pero no minan el \u00e1nimo de adultos y j\u00f3venes, que se congregaron a temprana hora en la Alameda de Le\u00f3n, para insistir en la b\u00fasqueda de sus desaparecidos.<\/p>\n\n\n\n<p>Cooperan, compran lo que falta; unos escarban para colocar una mampara en el z\u00f3calo, otros lo hacen en la Alameda; unos m\u00e1s van a ver al Arzobispo de Antequera, para que bendiga el muro con los rostros de sus ausentes.<\/p>\n\n\n\n<p>Unos m\u00e1s se organizan para la pr\u00f3xima llegada del prelado Pedro V\u00e1zquez Villalobos. El entusiasmo oculta por unos momentos el dolor de no ver a su ser querido, desde hace semanas, desde hace meses, desde hace a\u00f1os\u2026<\/p>\n\n\n\n<p>\u201cA la Alameda hoy la llamamos la \u2018Plaza de los Desaparecidos\u00b4; estamos para colocar una mampara y visibilizar las fichas de nuestros desaparecidos, que la sociedad tome conciencia\u201d, dice Said Garc\u00eda, del colectivo \u201cBuscando al m\u00edo, buscando a todos\u201d.<\/p>\n\n\n\n<p>Explica que de las autoridades estatales no se puede decir que en este sexenio su actuaci\u00f3n es mala, pues ha habido reuniones y acuerdos con todos, que esperan se cumplan.<\/p>\n\n\n\n<p>\u2014\u00bfQu\u00e9 ha pasado con la Comisi\u00f3n Estatal de B\u00fasqueda?<\/p>\n\n\n\n<p>\u2014Luego de diversas reuniones con la diputada Liz Arroyo, se cit\u00f3 a la comisionada, present\u00f3 un informe pero nosotros consideramos que tiene inconsistencias.<\/p>\n\n\n\n<p>\u201cTenemos ingresada una solicitud a transparencia y que se realice una auditor\u00eda, d\u00f3nde est\u00e1n los recursos, si se han aplicado de manera adecuada o no\u2026 Se ha visto que hay poco trabajo, aducen que no ten\u00edan recursos pero por eso nosotros sabiendo que hay, hemos pedido la auditor\u00eda\u201d.<\/p>\n\n\n\n<figure class=\"wp-block-embed is-type-rich is-provider-twitter wp-block-embed-twitter\"><div class=\"wp-block-embed__wrapper\">\n<div class=\"twitter-tweet\"><blockquote class=\"twitter-tweet\" data-lang=\"es\"><p lang=\"es\" dir=\"ltr\">Colectivos de familiares de personas ausentes denominaron hoy \u201cPlaza de los Desaparecidos\u201d a la Alameda de Le\u00f3n e instalaron una mampara con fotos de las personas que buscan; otro similar en el z\u00f3calo de la ciudad de Oaxaca.<br>La actividad fue bendecida por el Arzobispo de\u2026 <a href=\"https:\/\/t.co\/n3Qwa8gOLy\">pic.twitter.com\/n3Qwa8gOLy<\/a><\/p>&mdash; Zona Roja Oaxaca (@ZonaRoja_Oaxaca) <a href=\"https:\/\/twitter.com\/ZonaRoja_Oaxaca\/status\/1695901871834075602?ref_src=twsrc%5Etfw\">27 de agosto de 2023<\/a><\/blockquote><\/div>\n<\/div><\/figure>\n\n\n\n<p>Minutos despu\u00e9s de la una de la tarde, termina la misa en la Catedral. Esperan con ansia al Arzobispo, para que les d\u00e9 su bendici\u00f3n. Y sale el prelado. Se colocan todos con las fotos de sus ausentes, frente a la parada.<\/p>\n\n\n\n<p>PLEGARIA CELESTIAL<\/p>\n\n\n\n<p>\u201cYo le pido a Dios por todas las personas que no est\u00e1n ahora, que no sabemos d\u00f3nde est\u00e1n y que esa lucha y ese esfuerzo que est\u00e1n haciendo como colectivos, es porque quieren buscar y encontrar a sus seres queridos, no es por otra cosa. Queremos encontrar a nuestros seres queridos.<\/p>\n\n\n\n<p>\u201cPorque queremos saber qu\u00e9 pas\u00f3 con ello, si les quitaron la vida, para traer los restos, donde uno sepa que ah\u00ed est\u00e1n, si todav\u00eda no les han quitado la vida, pues queremos encontrarlos con vida y que regresen a casa\u201d, les dice el Arzobispo.<\/p>\n\n\n\n<p>Luego narra que \u00e9l mismo tiene a familiares que los desaparecieron y no sabe donde est\u00e1.<\/p>\n\n\n\n<p>\u201cAs\u00ed est\u00e1 la situaci\u00f3n de nuestra gene, de nuestras familias, de nuestro pa\u00eds. Le pido a Dios que les siga dando fortaleza y como colectivo todo lo hagan buscando siempre la justicia, sin perder la verdad y sin entrar en pleito con nadie, eso es lo que quiero, porque si no, se nos pierde la paz. Lo que queremos es paz y justicia, y creo que nuestros seres queridos tambi\u00e9n quieren que vivamos en paz\u201d.<\/p>\n\n\n\n<p>Las palabras del Arzobispo de la iglesia Cat\u00f3lica les calan y les dan \u00e1nimo. Apenas 10 minutos de presencia pero suficientes para recobrar \u00e1nimos y seguir en su lucha diaria.<\/p>\n\n\n\n<p>\u201c\u00a1Por qu\u00e9 los buscamos! \u00a1Porque los amamos! \u00a1Porque vivos se los llevaron, vivos los queremos\u201d!<\/p>\n\n\n\n<p>El grito de hombres y mujeres que no pierden la fe para encontrar al hijo, al padre, al hermano, ausentes. Y ah\u00ed van, ah\u00ed siguen su lucha. Con entusiasmo, aun con el dolor a cuestas.<\/p>\n\n\n\n<figure class=\"wp-block-embed is-type-rich is-provider-twitter wp-block-embed-twitter\"><div class=\"wp-block-embed__wrapper\">\n<div class=\"twitter-tweet\"><blockquote class=\"twitter-tweet\" data-lang=\"es\"><p lang=\"es\" dir=\"ltr\">En la Alameda de Le\u00f3n de la ciudad de Oaxaca, colectivos de familiares de personas desaparecidas colocaron hoy carteles de las personas ausentes.<br>Uno de los representantes reconoci\u00f3 mayor apertura por parte de las autoridades estatales.<br>Pero en el caso de la Comisi\u00f3n Estatal de\u2026 <a href=\"https:\/\/t.co\/bjBZdpqypY\">pic.twitter.com\/bjBZdpqypY<\/a><\/p>&mdash; Zona Roja Oaxaca (@ZonaRoja_Oaxaca) <a href=\"https:\/\/twitter.com\/ZonaRoja_Oaxaca\/status\/1695928189229371820?ref_src=twsrc%5Etfw\">27 de agosto de 2023<\/a><\/blockquote><\/div>\n<\/div><\/figure>\n","protected":false},"excerpt":{"rendered":"<p>Ismael Garc\u00eda M.\/Zona Roja. Oaxaca de Ju\u00e1rez, Oax., a 28 de agosto de 2023.- El&hellip;<\/p>\n","protected":false},"author":2,"featured_media":59203,"comment_status":"closed","ping_status":"open","sticky":false,"template":"","format":"standard","meta":{"_lmt_disableupdate":"","_lmt_disable":"","_jetpack_memberships_contains_paid_content":false,"footnotes":""},"categories":[109,47],"tags":[2072],"class_list":["post-59196","post","type-post","status-publish","format-standard","has-post-thumbnail","hentry","category-minuto-a-minuto","category-zona-gris","tag-personas-desaparecidos-en-oaxaca"],"jetpack_featured_media_url":"https:\/\/zonaroja.com.mx\/wp-content\/uploads\/2023\/08\/Busqueda-desaparecidos-Alameda-Oaxaca-Arzobispo.jpg","jetpack_sharing_enabled":true,"_links":{"self":[{"href":"https:\/\/zonaroja.com.mx\/index.php?rest_route=\/wp\/v2\/posts\/59196","targetHints":{"allow":["GET"]}}],"collection":[{"href":"https:\/\/zonaroja.com.mx\/index.php?rest_route=\/wp\/v2\/posts"}],"about":[{"href":"https:\/\/zonaroja.com.mx\/index.php?rest_route=\/wp\/v2\/types\/post"}],"author":[{"embeddable":true,"href":"https:\/\/zonaroja.com.mx\/index.php?rest_route=\/wp\/v2\/users\/2"}],"replies":[{"embeddable":true,"href":"https:\/\/zonaroja.com.mx\/index.php?rest_route=%2Fwp%2Fv2%2Fcomments&post=59196"}],"version-history":[{"count":3,"href":"https:\/\/zonaroja.com.mx\/index.php?rest_route=\/wp\/v2\/posts\/59196\/revisions"}],"predecessor-version":[{"id":59204,"href":"https:\/\/zonaroja.com.mx\/index.php?rest_route=\/wp\/v2\/posts\/59196\/revisions\/59204"}],"wp:featuredmedia":[{"embeddable":true,"href":"https:\/\/zonaroja.com.mx\/index.php?rest_route=\/wp\/v2\/media\/59203"}],"wp:attachment":[{"href":"https:\/\/zonaroja.com.mx\/index.php?rest_route=%2Fwp%2Fv2%2Fmedia&parent=59196"}],"wp:term":[{"taxonomy":"category","embeddable":true,"href":"https:\/\/zonaroja.com.mx\/index.php?rest_route=%2Fwp%2Fv2%2Fcategories&post=59196"},{"taxonomy":"post_tag","embeddable":true,"href":"https:\/\/zonaroja.com.mx\/index.php?rest_route=%2Fwp%2Fv2%2Ftags&post=59196"}],"curies":[{"name":"wp","href":"https:\/\/api.w.org\/{rel}","templated":true}]}}