{"id":59198,"date":"2023-08-27T22:28:00","date_gmt":"2023-08-28T03:28:00","guid":{"rendered":"http:\/\/www.zonaroja.com.mx\/?p=59198"},"modified":"2023-08-27T22:28:02","modified_gmt":"2023-08-28T03:28:02","slug":"hubo-otro-ejecutado-el-sabado-suman-seis-victimas-ese-dia","status":"publish","type":"post","link":"https:\/\/zonaroja.com.mx\/?p=59198","title":{"rendered":"Hubo otro ejecutado el s\u00e1bado; suman seis v\u00edctimas ese d\u00eda"},"content":{"rendered":"\n<p>Redacci\u00f3n\/Zona Roja.<\/p>\n\n\n\n<p>Oaxaca de Ju\u00e1rez, Oax., a 27 de agosto de 2023.- Una sexta persona fue ejecutada a balazos el s\u00e1bado en Oaxaca, donde adem\u00e1s hubo otros dos lesionados.<\/p>\n\n\n\n<p>Fue en Ejutla de Crespo, municipio de la regi\u00f3n Valles Centrales, donde alrededor de las 21:30 horas ocurri\u00f3 un ataque armado en un bar denominado \u201cLa Patrona\u201d, ubicada en la calle Jos\u00e9 Altamirano.<\/p>\n\n\n\n<p>Sujetos armados ingresaron al establecimiento y dispararon de manera directa a la cabeza en contra del mesero, Zen\u00e9n Isa\u00ed L. M., quien muri\u00f3 al instante.<\/p>\n\n\n\n<p>Dos personas m\u00e1s, un hombre y una mujer, Diego David M. y Bonifacia N., resultaron lesionados de bala, por lo cual fueron trasladados de emergencia a un hospital en Miahuatl\u00e1n de Porfirio D\u00edaz.<\/p>\n\n\n\n<p>Con este asesinato, sumaron seis v\u00edctimas registradas en el transcurso del s\u00e1bado en el estado de Oaxaca y en todos los casos no hay personas detenidas.<\/p>\n\n\n\n<p>La Fiscal\u00eda General del Estado inici\u00f3 las respectivas carpetas de investigaci\u00f3n, a fin de hallar a los responsables de los cr\u00edmenes.<\/p>\n","protected":false},"excerpt":{"rendered":"<p>Redacci\u00f3n\/Zona Roja. Oaxaca de Ju\u00e1rez, Oax., a 27 de agosto de 2023.- Una sexta persona&hellip;<\/p>\n","protected":false},"author":2,"featured_media":7486,"comment_status":"closed","ping_status":"open","sticky":false,"template":"","format":"standard","meta":{"_lmt_disableupdate":"","_lmt_disable":"","_jetpack_memberships_contains_paid_content":false,"footnotes":""},"categories":[109,51],"tags":[702],"class_list":["post-59198","post","type-post","status-publish","format-standard","has-post-thumbnail","hentry","category-minuto-a-minuto","category-zona-roja","tag-ejutla-de-crespo"],"jetpack_featured_media_url":"https:\/\/zonaroja.com.mx\/wp-content\/uploads\/2020\/01\/Escena-del-crimen7.jpg","jetpack_sharing_enabled":true,"_links":{"self":[{"href":"https:\/\/zonaroja.com.mx\/index.php?rest_route=\/wp\/v2\/posts\/59198","targetHints":{"allow":["GET"]}}],"collection":[{"href":"https:\/\/zonaroja.com.mx\/index.php?rest_route=\/wp\/v2\/posts"}],"about":[{"href":"https:\/\/zonaroja.com.mx\/index.php?rest_route=\/wp\/v2\/types\/post"}],"author":[{"embeddable":true,"href":"https:\/\/zonaroja.com.mx\/index.php?rest_route=\/wp\/v2\/users\/2"}],"replies":[{"embeddable":true,"href":"https:\/\/zonaroja.com.mx\/index.php?rest_route=%2Fwp%2Fv2%2Fcomments&post=59198"}],"version-history":[{"count":1,"href":"https:\/\/zonaroja.com.mx\/index.php?rest_route=\/wp\/v2\/posts\/59198\/revisions"}],"predecessor-version":[{"id":59199,"href":"https:\/\/zonaroja.com.mx\/index.php?rest_route=\/wp\/v2\/posts\/59198\/revisions\/59199"}],"wp:featuredmedia":[{"embeddable":true,"href":"https:\/\/zonaroja.com.mx\/index.php?rest_route=\/wp\/v2\/media\/7486"}],"wp:attachment":[{"href":"https:\/\/zonaroja.com.mx\/index.php?rest_route=%2Fwp%2Fv2%2Fmedia&parent=59198"}],"wp:term":[{"taxonomy":"category","embeddable":true,"href":"https:\/\/zonaroja.com.mx\/index.php?rest_route=%2Fwp%2Fv2%2Fcategories&post=59198"},{"taxonomy":"post_tag","embeddable":true,"href":"https:\/\/zonaroja.com.mx\/index.php?rest_route=%2Fwp%2Fv2%2Ftags&post=59198"}],"curies":[{"name":"wp","href":"https:\/\/api.w.org\/{rel}","templated":true}]}}