{"id":5920,"date":"2019-11-20T17:40:18","date_gmt":"2019-11-20T23:40:18","guid":{"rendered":"http:\/\/www.zonaroja.com.mx\/?p=5920"},"modified":"2019-11-20T18:02:19","modified_gmt":"2019-11-21T00:02:19","slug":"baja-6-7-por-ciento-afluencia-de-turismo-en-oaxaca","status":"publish","type":"post","link":"https:\/\/zonaroja.com.mx\/?p=5920","title":{"rendered":"Baja 6.7 por ciento afluencia de turismo en Oaxaca"},"content":{"rendered":"\n<p>Redacci\u00f3n\/Zona\nRoja Cdmx.<\/p>\n\n\n\n<p>Ciudad de\nM\u00e9xico, 20 de noviembre de 2019.- De enero a agosto de este a\u00f1o, la ciudad de\nOaxaca recibi\u00f3 6.7 por ciento menos de turistas, seg\u00fan datos de la Secretar\u00eda\nde Turismo estatal, report\u00f3 hoy el diario \u201cReforma\u201d.<\/p>\n\n\n\n<p>Indic\u00f3 que\nla ca\u00edda de visitantes se dio a causa de una baja del 8.51 por ciento en\nturistas nacionales, segmento cuya actividad se contrajo en los primeros meses\ndel a\u00f1o, en contraste con el turismo extranjero que subi\u00f3 16.28 por ciento.<\/p>\n\n\n\n<p>Sin embargo,\nse\u00f1al\u00f3 la dependencia, en el mismo periodo el gasto promedio subi\u00f3 19.17 por\nciento, a dos mil 446 pesos por persona.<\/p>\n\n\n\n<p>La derrama\necon\u00f3mica percibida en este periodo se increment\u00f3 28.64 por ciento a 3 mil 984\nmillones de pesos, de acuerdo con la informaci\u00f3n publicada por \u201cReforma\u201d.<\/p>\n\n\n\n<p>Se prev\u00e9 que\nla llegada de turistas aumente para el cierre del a\u00f1o, debido principalmente a\nque el n\u00famero de frecuencias a\u00e9reas aument\u00f3 35.39 por ciento con cinco mil 289\ny 535 mil 010 asientos disponibles, como resultado de nuevas rutas a Ciudad de\nM\u00e9xico, Canc\u00fan, M\u00e9rida, y Monterrey, entre otros.<\/p>\n\n\n\n<p>Juan Carlos\nRivera, titular de Sectur Oaxaca, inform\u00f3 que los tres principales destinos del\nestado, entre los que se contempla su ciudad capital, tienen un avance del 70\npor ciento en reservaciones para este fin de a\u00f1o.<\/p>\n\n\n\n<p>Dentro del\nranking anual de la plataforma de viajes Viajala, Oaxaca es el primer destino\nnacional en tendencia, pues registr\u00f3 un aumento del 13 por ciento en b\u00fasquedas,\nas\u00ed como una disminuci\u00f3n en los precios de vuelos del 10 por ciento, detall\u00f3 a\n\u201cReforma\u201d.<\/p>\n","protected":false},"excerpt":{"rendered":"<p>Redacci\u00f3n\/Zona Roja Cdmx. Ciudad de M\u00e9xico, 20 de noviembre de 2019.- De enero a agosto&hellip;<\/p>\n","protected":false},"author":2,"featured_media":5477,"comment_status":"closed","ping_status":"open","sticky":false,"template":"","format":"standard","meta":{"_lmt_disableupdate":"","_lmt_disable":"","_jetpack_memberships_contains_paid_content":false,"footnotes":""},"categories":[109,47],"tags":[1031],"class_list":["post-5920","post","type-post","status-publish","format-standard","has-post-thumbnail","hentry","category-minuto-a-minuto","category-zona-gris","tag-secretaria-de-turismo-oaxaca"],"jetpack_featured_media_url":"https:\/\/zonaroja.com.mx\/wp-content\/uploads\/2019\/11\/IMG_0632.jpg","jetpack_sharing_enabled":true,"_links":{"self":[{"href":"https:\/\/zonaroja.com.mx\/index.php?rest_route=\/wp\/v2\/posts\/5920","targetHints":{"allow":["GET"]}}],"collection":[{"href":"https:\/\/zonaroja.com.mx\/index.php?rest_route=\/wp\/v2\/posts"}],"about":[{"href":"https:\/\/zonaroja.com.mx\/index.php?rest_route=\/wp\/v2\/types\/post"}],"author":[{"embeddable":true,"href":"https:\/\/zonaroja.com.mx\/index.php?rest_route=\/wp\/v2\/users\/2"}],"replies":[{"embeddable":true,"href":"https:\/\/zonaroja.com.mx\/index.php?rest_route=%2Fwp%2Fv2%2Fcomments&post=5920"}],"version-history":[{"count":1,"href":"https:\/\/zonaroja.com.mx\/index.php?rest_route=\/wp\/v2\/posts\/5920\/revisions"}],"predecessor-version":[{"id":5921,"href":"https:\/\/zonaroja.com.mx\/index.php?rest_route=\/wp\/v2\/posts\/5920\/revisions\/5921"}],"wp:featuredmedia":[{"embeddable":true,"href":"https:\/\/zonaroja.com.mx\/index.php?rest_route=\/wp\/v2\/media\/5477"}],"wp:attachment":[{"href":"https:\/\/zonaroja.com.mx\/index.php?rest_route=%2Fwp%2Fv2%2Fmedia&parent=5920"}],"wp:term":[{"taxonomy":"category","embeddable":true,"href":"https:\/\/zonaroja.com.mx\/index.php?rest_route=%2Fwp%2Fv2%2Fcategories&post=5920"},{"taxonomy":"post_tag","embeddable":true,"href":"https:\/\/zonaroja.com.mx\/index.php?rest_route=%2Fwp%2Fv2%2Ftags&post=5920"}],"curies":[{"name":"wp","href":"https:\/\/api.w.org\/{rel}","templated":true}]}}