{"id":59209,"date":"2023-08-28T12:30:00","date_gmt":"2023-08-28T17:30:00","guid":{"rendered":"http:\/\/www.zonaroja.com.mx\/?p=59209"},"modified":"2023-08-28T08:58:30","modified_gmt":"2023-08-28T13:58:30","slug":"rescatan-a-125-migrantes-en-supercarretera-oaxaca-cuacnopalan","status":"publish","type":"post","link":"https:\/\/zonaroja.com.mx\/?p=59209","title":{"rendered":"Rescatan a 125 migrantes en supercarretera Oaxaca-Cuacnopalan"},"content":{"rendered":"\n<p>Redacci\u00f3n\/Zona Roja Cdmx.<\/p>\n\n\n\n<p>Ciudad de M\u00e9xico, a 28 de agosto de 2023.- Al menos 125 migrantes fueron rescatados en Oaxaca, inform\u00f3 el Instituto Nacional de Migraci\u00f3n (INM).<\/p>\n\n\n\n<p>Los extranjeros viajaban a bordo de ocho camionetas por la carretera Cuacnopalan-Oaxaca.<\/p>\n\n\n\n<p>Agentes del INM llevaban a cabo verificaciones cuando pidieron a los conductores de los veh\u00edculos detener su marcha en San Pablo Huitzo, en direcci\u00f3n a la capital.<\/p>\n\n\n\n<p>Al inspeccionar las unidades hallaron a 125 migrantes originarios de Honduras, Guatemala y El Salvador, quienes no pudieron comprobar su estancia regular en el pa\u00eds.<\/p>\n\n\n\n<p>Entre los indocumentados estaban cinco menores de edad no acompa\u00f1ados.<\/p>\n\n\n\n<p>A todos los migrantes se les proporcion\u00f3 alimento, agua y asistencia m\u00e9dica para despu\u00e9s ser canalizados a un albergue del DIF e instalaciones migratorias.<\/p>\n\n\n\n<p>Tres choferes y las ocho camionetas fueron puestas a disposici\u00f3n de las autoridades correspondientes.<\/p>\n\n\n\n<p>(Con informaci\u00f3n de L\u00f3pez-D\u00f3riga Digital)<\/p>\n","protected":false},"excerpt":{"rendered":"<p>Redacci\u00f3n\/Zona Roja Cdmx. Ciudad de M\u00e9xico, a 28 de agosto de 2023.- Al menos 125&hellip;<\/p>\n","protected":false},"author":2,"featured_media":59206,"comment_status":"closed","ping_status":"open","sticky":false,"template":"","format":"standard","meta":{"_lmt_disableupdate":"","_lmt_disable":"","_jetpack_memberships_contains_paid_content":false,"footnotes":""},"categories":[109,47],"tags":[3641],"class_list":["post-59209","post","type-post","status-publish","format-standard","has-post-thumbnail","hentry","category-minuto-a-minuto","category-zona-gris","tag-migrantes-en-oaxaca"],"jetpack_featured_media_url":"https:\/\/zonaroja.com.mx\/wp-content\/uploads\/2023\/08\/Migrantes-interceptados-Oaxaca.jpg.webp","jetpack_sharing_enabled":true,"_links":{"self":[{"href":"https:\/\/zonaroja.com.mx\/index.php?rest_route=\/wp\/v2\/posts\/59209","targetHints":{"allow":["GET"]}}],"collection":[{"href":"https:\/\/zonaroja.com.mx\/index.php?rest_route=\/wp\/v2\/posts"}],"about":[{"href":"https:\/\/zonaroja.com.mx\/index.php?rest_route=\/wp\/v2\/types\/post"}],"author":[{"embeddable":true,"href":"https:\/\/zonaroja.com.mx\/index.php?rest_route=\/wp\/v2\/users\/2"}],"replies":[{"embeddable":true,"href":"https:\/\/zonaroja.com.mx\/index.php?rest_route=%2Fwp%2Fv2%2Fcomments&post=59209"}],"version-history":[{"count":1,"href":"https:\/\/zonaroja.com.mx\/index.php?rest_route=\/wp\/v2\/posts\/59209\/revisions"}],"predecessor-version":[{"id":59210,"href":"https:\/\/zonaroja.com.mx\/index.php?rest_route=\/wp\/v2\/posts\/59209\/revisions\/59210"}],"wp:featuredmedia":[{"embeddable":true,"href":"https:\/\/zonaroja.com.mx\/index.php?rest_route=\/wp\/v2\/media\/59206"}],"wp:attachment":[{"href":"https:\/\/zonaroja.com.mx\/index.php?rest_route=%2Fwp%2Fv2%2Fmedia&parent=59209"}],"wp:term":[{"taxonomy":"category","embeddable":true,"href":"https:\/\/zonaroja.com.mx\/index.php?rest_route=%2Fwp%2Fv2%2Fcategories&post=59209"},{"taxonomy":"post_tag","embeddable":true,"href":"https:\/\/zonaroja.com.mx\/index.php?rest_route=%2Fwp%2Fv2%2Ftags&post=59209"}],"curies":[{"name":"wp","href":"https:\/\/api.w.org\/{rel}","templated":true}]}}