{"id":59211,"date":"2023-08-28T13:30:00","date_gmt":"2023-08-28T18:30:00","guid":{"rendered":"http:\/\/www.zonaroja.com.mx\/?p=59211"},"modified":"2023-08-28T09:03:53","modified_gmt":"2023-08-28T14:03:53","slug":"denuncia-victima-impunidad-en-delitos-sexuales-cometidos-por-director-de-monte-de-piedad","status":"publish","type":"post","link":"https:\/\/zonaroja.com.mx\/?p=59211","title":{"rendered":"Denuncia v\u00edctima impunidad en delitos sexuales cometidos por director de Monte de Piedad"},"content":{"rendered":"\n<p>Yuridiana Sosa\/Zona Roja.<\/p>\n\n\n\n<p>Oaxaca de Ju\u00e1rez, Oax., a 28 de agosto de 2023.- Pesa a las pruebas que acreditan los delitos sexuales en su contra por parte del director del Monte de Piedad Oaxaca, Omar Juli\u00e1n Juli\u00e1n, la denuncia no avanza, acus\u00f3 Magda Liliana Altamirano Calder\u00f3n, v\u00edctima de los hechos.<\/p>\n\n\n\n<p>Recientemente, la mujer realiz\u00f3 una protesta pac\u00edfica para exponer por segunda ocasi\u00f3n de forma p\u00fablica su caso, en el que pudiera prevalecer la impunidad ante la protecci\u00f3n pol\u00edtica al funcionario p\u00fablico por parte del gobernador Salom\u00f3n Jara, pues el agresor sigue en funciones.<\/p>\n\n\n\n<p>La v\u00edctima, ex gerente de la sucursal ocho del Monte de Piedad en la capital del estado, apunt\u00f3 que trata de dar su voto de confianza al mandatario estatal en su promesa de proteger a las mujeres de cualquier violencia, pero ante los hechos surge la duda en que cumpla.<\/p>\n\n\n\n<p>A su vez, expuso que, desde la Fiscal\u00eda Especializada para la Atenci\u00f3n de Delitos contra la Mujer, no existe una plena atenci\u00f3n a la denuncia formal que present\u00f3.<\/p>\n\n\n\n<p>Como abogada, apunt\u00f3, que al haberse acreditado el delito de hostigamiento sexual el caso ya debi\u00f3 judicializarse, pero sigue parado, por lo que demand\u00f3 una plena atenci\u00f3n, justicia y no m\u00e1s encubrimiento para los funcionarios.<\/p>\n\n\n\n<p>ANTECEDENTE<\/p>\n\n\n\n<p>El pasado mes de junio la ex servidora p\u00fablica denunci\u00f3 ser v\u00edctima de violencia sexual por parte de funcionarios del Monte de Piedad, en los que el principal ejecutor era el titular de esa instituci\u00f3n, Omar Juli\u00e1n Juli\u00e1n.<\/p>\n\n\n\n<p>Respaldado por su relaci\u00f3n pol\u00edtica con el mandatario estatal, el agresor foment\u00f3 el hostigamiento sexual y laboral en su contra, asegur\u00f3 Altamirano Calder\u00f3n.<\/p>\n\n\n\n<p>La ex trabajadora se\u00f1al\u00f3 que los problemas comenzaron en enero, tras percatarse de presuntos actos de corrupci\u00f3n de parte de un trabajador a su cargo. Pero al dar aviso a sus superiores en lugar de encontrar soluci\u00f3n, se opt\u00f3 por esconder la situaci\u00f3n.<\/p>\n\n\n\n<p>Julian Julian plane\u00f3 una \u201ccacer\u00eda en su contra\u201d, dijo, la cual junto con el apoyo del contador Jos\u00e9 Manuel Azamar Avenda\u00f1o, la llevaron a renunciar ante los actos de hostigamiento que recib\u00eda de forma constante.<\/p>\n","protected":false},"excerpt":{"rendered":"<p>Yuridiana Sosa\/Zona Roja. Oaxaca de Ju\u00e1rez, Oax., a 28 de agosto de 2023.- Pesa a&hellip;<\/p>\n","protected":false},"author":2,"featured_media":59140,"comment_status":"closed","ping_status":"open","sticky":false,"template":"","format":"standard","meta":{"_lmt_disableupdate":"","_lmt_disable":"","_jetpack_memberships_contains_paid_content":false,"footnotes":""},"categories":[109,47],"tags":[3593],"class_list":["post-59211","post","type-post","status-publish","format-standard","has-post-thumbnail","hentry","category-minuto-a-minuto","category-zona-gris","tag-magda-liliana-altamirano-calderon"],"jetpack_featured_media_url":"https:\/\/zonaroja.com.mx\/wp-content\/uploads\/2023\/08\/Magda-Liliana-Altamirano-Calderon.jpg","jetpack_sharing_enabled":true,"_links":{"self":[{"href":"https:\/\/zonaroja.com.mx\/index.php?rest_route=\/wp\/v2\/posts\/59211","targetHints":{"allow":["GET"]}}],"collection":[{"href":"https:\/\/zonaroja.com.mx\/index.php?rest_route=\/wp\/v2\/posts"}],"about":[{"href":"https:\/\/zonaroja.com.mx\/index.php?rest_route=\/wp\/v2\/types\/post"}],"author":[{"embeddable":true,"href":"https:\/\/zonaroja.com.mx\/index.php?rest_route=\/wp\/v2\/users\/2"}],"replies":[{"embeddable":true,"href":"https:\/\/zonaroja.com.mx\/index.php?rest_route=%2Fwp%2Fv2%2Fcomments&post=59211"}],"version-history":[{"count":1,"href":"https:\/\/zonaroja.com.mx\/index.php?rest_route=\/wp\/v2\/posts\/59211\/revisions"}],"predecessor-version":[{"id":59212,"href":"https:\/\/zonaroja.com.mx\/index.php?rest_route=\/wp\/v2\/posts\/59211\/revisions\/59212"}],"wp:featuredmedia":[{"embeddable":true,"href":"https:\/\/zonaroja.com.mx\/index.php?rest_route=\/wp\/v2\/media\/59140"}],"wp:attachment":[{"href":"https:\/\/zonaroja.com.mx\/index.php?rest_route=%2Fwp%2Fv2%2Fmedia&parent=59211"}],"wp:term":[{"taxonomy":"category","embeddable":true,"href":"https:\/\/zonaroja.com.mx\/index.php?rest_route=%2Fwp%2Fv2%2Fcategories&post=59211"},{"taxonomy":"post_tag","embeddable":true,"href":"https:\/\/zonaroja.com.mx\/index.php?rest_route=%2Fwp%2Fv2%2Ftags&post=59211"}],"curies":[{"name":"wp","href":"https:\/\/api.w.org\/{rel}","templated":true}]}}