{"id":59218,"date":"2023-08-28T16:52:14","date_gmt":"2023-08-28T21:52:14","guid":{"rendered":"http:\/\/www.zonaroja.com.mx\/?p=59218"},"modified":"2023-08-28T16:52:21","modified_gmt":"2023-08-28T21:52:21","slug":"inicia-la-semana-en-oaxaca-con-dos-ejecutados-en-istmo-y-costa","status":"publish","type":"post","link":"https:\/\/zonaroja.com.mx\/?p=59218","title":{"rendered":"Inicia la semana en Oaxaca con dos ejecutados, en Istmo y Costa"},"content":{"rendered":"\n<p>Ismael Garc\u00eda M.\/Zona Roja.<\/p>\n\n\n\n<p>Oaxaca de Ju\u00e1rez, Oax., a 28 de agosto de 2023.- Dos personas han sido ejecutadas en Oaxaca en el transcurso del mediod\u00eda, cr\u00edmenes cometidos en las regiones Costa e Istmo de Tehuantepec.<\/p>\n\n\n\n<p>En Santa Mar\u00eda Xadani, municipio de San Miguel del Puerto, un individuo fue privado de la vida por disparos de arma de fuego; de manera preliminar se inform\u00f3 que la v\u00edctima fue identificada como Rub\u00e9n \u201cN\u201d.<\/p>\n\n\n\n<p>Mientras que por la ma\u00f1ana, en la ciudad y puerto de Salina Cruz, fue ejecutada una persona del sexo masculino, en la carretera federal 200, a la altura de la colonia Lomas de Galindo.<\/p>\n\n\n\n<p>El crimen se perpetr\u00f3 aproximadamente a las 08:00 horas, justo en el momento en que la ni\u00f1ez iniciaba al ciclo escolar y la v\u00edctima fue identificada de manera preliminar como Tom\u00e1s H. A.<\/p>\n\n\n\n<p>Presuntamente los autores del homicidio fueron dos sicarios a bordo de una motocicleta, que tras el hecho, lograron huir de la zona, a falta de polic\u00edas municipales en la zona.<\/p>\n\n\n\n<p>En ambos casos, la Fiscal\u00eda General del Estado de Oaxaca inici\u00f3 las respectivas carpetas de investigaci\u00f3n correspondientes.<\/p>\n\n\n\n<figure class=\"wp-block-embed is-type-rich is-provider-twitter wp-block-embed-twitter\"><div class=\"wp-block-embed__wrapper\">\n<div class=\"twitter-tweet\"><blockquote class=\"twitter-tweet\" data-lang=\"es\"><p lang=\"es\" dir=\"ltr\"><a href=\"https:\/\/twitter.com\/hashtag\/%C3%9AltimoMinuto?src=hash&amp;ref_src=twsrc%5Etfw\">#\u00daltimoMinuto<\/a><br>De las ejecuciones cotidianas en <a href=\"https:\/\/twitter.com\/hashtag\/Oaxaca?src=hash&amp;ref_src=twsrc%5Etfw\">#Oaxaca<\/a>, la primera esta ma\u00f1ana en Salina Cruz, municipio de la regi\u00f3n del Istmo, abandonada por el edil morenista Daniel M\u00e9ndez Sosa (<a href=\"https:\/\/twitter.com\/DanielMendezsco?ref_src=twsrc%5Etfw\">@DanielMendezsco<\/a>).<br><br>Video de <a href=\"https:\/\/twitter.com\/EdwinMComunica?ref_src=twsrc%5Etfw\">@EdwinMComunica<\/a>. <a href=\"https:\/\/t.co\/VcWu7u1rgY\">pic.twitter.com\/VcWu7u1rgY<\/a><\/p>&mdash; Zona Roja Oaxaca (@ZonaRoja_Oaxaca) <a href=\"https:\/\/twitter.com\/ZonaRoja_Oaxaca\/status\/1696169495260225543?ref_src=twsrc%5Etfw\">28 de agosto de 2023<\/a><\/blockquote><\/div>\n<\/div><\/figure>\n","protected":false},"excerpt":{"rendered":"<p>Ismael Garc\u00eda M.\/Zona Roja. Oaxaca de Ju\u00e1rez, Oax., a 28 de agosto de 2023.- Dos&hellip;<\/p>\n","protected":false},"author":2,"featured_media":59220,"comment_status":"closed","ping_status":"open","sticky":false,"template":"","format":"standard","meta":{"_lmt_disableupdate":"","_lmt_disable":"","_jetpack_memberships_contains_paid_content":false,"footnotes":""},"categories":[109,51],"tags":[],"class_list":["post-59218","post","type-post","status-publish","format-standard","has-post-thumbnail","hentry","category-minuto-a-minuto","category-zona-roja"],"jetpack_featured_media_url":"https:\/\/zonaroja.com.mx\/wp-content\/uploads\/2023\/08\/Ejecutado-Salina-Cruz.jpg","jetpack_sharing_enabled":true,"_links":{"self":[{"href":"https:\/\/zonaroja.com.mx\/index.php?rest_route=\/wp\/v2\/posts\/59218","targetHints":{"allow":["GET"]}}],"collection":[{"href":"https:\/\/zonaroja.com.mx\/index.php?rest_route=\/wp\/v2\/posts"}],"about":[{"href":"https:\/\/zonaroja.com.mx\/index.php?rest_route=\/wp\/v2\/types\/post"}],"author":[{"embeddable":true,"href":"https:\/\/zonaroja.com.mx\/index.php?rest_route=\/wp\/v2\/users\/2"}],"replies":[{"embeddable":true,"href":"https:\/\/zonaroja.com.mx\/index.php?rest_route=%2Fwp%2Fv2%2Fcomments&post=59218"}],"version-history":[{"count":1,"href":"https:\/\/zonaroja.com.mx\/index.php?rest_route=\/wp\/v2\/posts\/59218\/revisions"}],"predecessor-version":[{"id":59222,"href":"https:\/\/zonaroja.com.mx\/index.php?rest_route=\/wp\/v2\/posts\/59218\/revisions\/59222"}],"wp:featuredmedia":[{"embeddable":true,"href":"https:\/\/zonaroja.com.mx\/index.php?rest_route=\/wp\/v2\/media\/59220"}],"wp:attachment":[{"href":"https:\/\/zonaroja.com.mx\/index.php?rest_route=%2Fwp%2Fv2%2Fmedia&parent=59218"}],"wp:term":[{"taxonomy":"category","embeddable":true,"href":"https:\/\/zonaroja.com.mx\/index.php?rest_route=%2Fwp%2Fv2%2Fcategories&post=59218"},{"taxonomy":"post_tag","embeddable":true,"href":"https:\/\/zonaroja.com.mx\/index.php?rest_route=%2Fwp%2Fv2%2Ftags&post=59218"}],"curies":[{"name":"wp","href":"https:\/\/api.w.org\/{rel}","templated":true}]}}