{"id":5922,"date":"2019-11-20T19:36:34","date_gmt":"2019-11-21T01:36:34","guid":{"rendered":"http:\/\/www.zonaroja.com.mx\/?p=5922"},"modified":"2019-11-20T20:06:47","modified_gmt":"2019-11-21T02:06:47","slug":"se-requieren-1300-mdp-para-cumplir-promesa-de-amlo-de-cobertura-y-gratuidad","status":"publish","type":"post","link":"https:\/\/zonaroja.com.mx\/?p=5922","title":{"rendered":"Se requieren 1,300 mdp para cumplir promesa de AMLO de cobertura y gratuidad"},"content":{"rendered":"\n<p>Redacci\u00f3n\/Zona\nRoja Cdmx.<\/p>\n\n\n\n<p>Ciudad de\nM\u00e9xico, 20 de noviembre de 2019.- En un \u00faltimo intento para que se destinen m\u00e1s\nrecursos a las universidades p\u00fablicas para el pr\u00f3ximo a\u00f1o, la Asociaci\u00f3n\nNacional de Universidades e Instituciones de Educaci\u00f3n Superior (Anuies) y un\ngrupo de rectores replantearon a los legisladores la necesidad de contar para\nel pr\u00f3ximo a\u00f1o con al menos mil 300 millones de pesos para el fondo de\ngratuidad y obligatoriedad establecidos en la ley, y 415 millones m\u00e1s para\ngarantizar un aumento cero por ciento prometido por el presidente Andr\u00e9s Manuel\nL\u00f3pez Obrador a estas casas de estudio.<\/p>\n\n\n\n<p>Seg\u00fan\npublic\u00f3 hoy el diario \u201cLa Jornada\u201d, la solicitud de ampliaci\u00f3n de presupuesto\npresentada hace varias semanas para dicho fondo, por un monto de 17 mil 500\nmillones de pesos, qued\u00f3 por el momento como una petici\u00f3n que deber\u00eda cumplirse\nde manera gradual, en tanto se avanza en la cobertura y obligatoriedad de la\neducaci\u00f3n superior.<\/p>\n\n\n\n<p>En\ncontraparte, la Anuies y los rectores se comprometieron a seguir trabajando en\nla ampliaci\u00f3n de las oportunidades de acceso a ese nivel de ense\u00f1anza, con\ncriterios de equidad, pertinencia y excelencia.<\/p>\n\n\n\n<p>El\nsecretario general ejecutivo del organismo, Jaime Valls Esponda, dijo reconocer\nla dif\u00edcil situaci\u00f3n econ\u00f3mica que vive el pa\u00eds, por lo que el replanteamiento\npresentado a los legisladores es que los recursos se otorguen gradualmente,\nrefiere la publicaci\u00f3n de \u201cLa Jornada\u201d.<\/p>\n\n\n\n<p>Adem\u00e1s,\ndestac\u00f3 que en los \u00faltimos cuatro a\u00f1os el subsidio entregado a las\nuniversidades p\u00fablicas se redujo en t\u00e9rminos reales y arrastran un d\u00e9ficit de\nalrededor de 30 millones de pesos, lo que genera problemas financieros a varias\ncasas de estudio.<\/p>\n\n\n\n<p>Respecto a\nlos 415 millones para el subsidio ordinario de dichas instituciones de\nense\u00f1anza, explic\u00f3 que este monto es el necesario para llegar al cero por\nciento de crecimiento ordinario, y que fue el compromiso del primer mandatario,\nde mantenerles los mismos recursos en t\u00e9rminos reales.<\/p>\n\n\n\n<p>La Anuies ha\nse\u00f1alado que la insuficiencia presupuestaria destinada a las universidades est\u00e1\nafectando su operaci\u00f3n acad\u00e9mica, as\u00ed como su solvencia financiera. Incluso,\nadvirti\u00f3 que su fortalecimiento es indispensable para el cumplimiento del\nmandato constitucional de obligatoriedad y gratuidad de la educaci\u00f3n superior.<\/p>\n\n\n\n<p>Valls\nEsponda inform\u00f3 que la Anuies y los rectores tambi\u00e9n se han reunido con\nfuncionarios de las secretar\u00edas de Educaci\u00f3n P\u00fablica y de Hacienda, a quienes\nles han entregado diversos an\u00e1lisis y diagn\u00f3sticos de la situaci\u00f3n que enfrenta\ncada una de las universidades p\u00fablicas, incluyendo el tema de las pensiones.<\/p>\n","protected":false},"excerpt":{"rendered":"<p>Redacci\u00f3n\/Zona Roja Cdmx. Ciudad de M\u00e9xico, 20 de noviembre de 2019.- En un \u00faltimo intento&hellip;<\/p>\n","protected":false},"author":2,"featured_media":4179,"comment_status":"closed","ping_status":"open","sticky":false,"template":"","format":"standard","meta":{"_lmt_disableupdate":"","_lmt_disable":"","_jetpack_memberships_contains_paid_content":false,"footnotes":""},"categories":[109,47],"tags":[1032],"class_list":["post-5922","post","type-post","status-publish","format-standard","has-post-thumbnail","hentry","category-minuto-a-minuto","category-zona-gris","tag-asociacion-nacional-de-universidades-e-instituciones-de-educacion-superior-anuies"],"jetpack_featured_media_url":"https:\/\/zonaroja.com.mx\/wp-content\/uploads\/2019\/09\/ANUIES.jpg","jetpack_sharing_enabled":true,"_links":{"self":[{"href":"https:\/\/zonaroja.com.mx\/index.php?rest_route=\/wp\/v2\/posts\/5922","targetHints":{"allow":["GET"]}}],"collection":[{"href":"https:\/\/zonaroja.com.mx\/index.php?rest_route=\/wp\/v2\/posts"}],"about":[{"href":"https:\/\/zonaroja.com.mx\/index.php?rest_route=\/wp\/v2\/types\/post"}],"author":[{"embeddable":true,"href":"https:\/\/zonaroja.com.mx\/index.php?rest_route=\/wp\/v2\/users\/2"}],"replies":[{"embeddable":true,"href":"https:\/\/zonaroja.com.mx\/index.php?rest_route=%2Fwp%2Fv2%2Fcomments&post=5922"}],"version-history":[{"count":1,"href":"https:\/\/zonaroja.com.mx\/index.php?rest_route=\/wp\/v2\/posts\/5922\/revisions"}],"predecessor-version":[{"id":5923,"href":"https:\/\/zonaroja.com.mx\/index.php?rest_route=\/wp\/v2\/posts\/5922\/revisions\/5923"}],"wp:featuredmedia":[{"embeddable":true,"href":"https:\/\/zonaroja.com.mx\/index.php?rest_route=\/wp\/v2\/media\/4179"}],"wp:attachment":[{"href":"https:\/\/zonaroja.com.mx\/index.php?rest_route=%2Fwp%2Fv2%2Fmedia&parent=5922"}],"wp:term":[{"taxonomy":"category","embeddable":true,"href":"https:\/\/zonaroja.com.mx\/index.php?rest_route=%2Fwp%2Fv2%2Fcategories&post=5922"},{"taxonomy":"post_tag","embeddable":true,"href":"https:\/\/zonaroja.com.mx\/index.php?rest_route=%2Fwp%2Fv2%2Ftags&post=5922"}],"curies":[{"name":"wp","href":"https:\/\/api.w.org\/{rel}","templated":true}]}}