{"id":59223,"date":"2023-08-28T16:35:00","date_gmt":"2023-08-28T21:35:00","guid":{"rendered":"http:\/\/www.zonaroja.com.mx\/?p=59223"},"modified":"2023-08-28T17:01:07","modified_gmt":"2023-08-28T22:01:07","slug":"registra-oaxaca-cuatro-protestas-este-lunes-hasta-contra-la-seccion-22","status":"publish","type":"post","link":"https:\/\/zonaroja.com.mx\/?p=59223","title":{"rendered":"Registra Oaxaca cuatro protestas este lunes, hasta contra la Secci\u00f3n 22"},"content":{"rendered":"\n<p>Yuridiana Sosa\/Zona Roja.<\/p>\n\n\n\n<p>Oaxaca de Ju\u00e1rez, Oax., a 28 de agosto de 2023.- Diversas organizaciones sociales, pobladores, trabajadores del estado y hasta integrantes de la Secci\u00f3n 22 del SNTE se movilizaron este lunes en reclamo de atenci\u00f3n al gobierno del estado y federal.<\/p>\n\n\n\n<p>Desde las primeras horas de la ma\u00f1ana, el caos vial inici\u00f3 en la capital y en la zona conurbada por parte de dos grupos de manifestantes.<\/p>\n\n\n\n<p>Pobladores de San Crist\u00f3bal Amatl\u00e1n instalaron por unas cuatro horas un bloqueo sobre la carretera federal 190, en inmediaciones del crucero de la antigua sede del IEEPO y las oficinas estatales de la Secretar\u00eda de Bienestar, en Santa Luc\u00eda del Camino.<\/p>\n\n\n\n<figure class=\"wp-block-embed is-type-rich is-provider-twitter wp-block-embed-twitter\"><div class=\"wp-block-embed__wrapper\">\n<div class=\"twitter-tweet\"><blockquote class=\"twitter-tweet\" data-lang=\"es\"><p lang=\"es\" dir=\"ltr\"><a href=\"https:\/\/twitter.com\/hashtag\/%C3%9AltimoMinuto?src=hash&amp;ref_src=twsrc%5Etfw\">#\u00daltimoMinuto<\/a> <br>M\u00e1s de una hora despu\u00e9s, ninguna autoridad estatal y federal se ha acercado a dialogar con San Crist\u00f3bal <a href=\"https:\/\/twitter.com\/hashtag\/Amatl%C3%A1n?src=hash&amp;ref_src=twsrc%5Etfw\">#Amatl\u00e1n<\/a>.<br>Ya hay reclamos de ciudadanos e incluso intentos de violencia, de quienes buscan pasar el bloqueo en la vida federal, a la altura de la antigua sede\u2026 <a href=\"https:\/\/t.co\/213C7WGjTY\">pic.twitter.com\/213C7WGjTY<\/a><\/p>&mdash; Zona Roja Oaxaca (@ZonaRoja_Oaxaca) <a href=\"https:\/\/twitter.com\/ZonaRoja_Oaxaca\/status\/1696209364078719420?ref_src=twsrc%5Etfw\">28 de agosto de 2023<\/a><\/blockquote><\/div>\n<\/div><\/figure>\n\n\n\n<p>Los manifestantes reclamaron incumplimientos de la delegada de los programas Bienestar en Oaxaca, Nancy Ort\u00edz, en la entrega de recursos por las afectaciones del hurac\u00e1n \u201cAgatha\u201d.<\/p>\n\n\n\n<p>Para presionar a las autoridades y recibir atenci\u00f3n, \u201ctomaron\u201d los accesos de la oficina y colocaron cuerdas para evitar el paso vehicular, lo que caus\u00f3 irritaci\u00f3n ciudadana.<\/p>\n\n\n\n<p>Pero ese ello, ninguna autoridad, ni estatal ni federal intervinieron para iniciar un di\u00e1logo y acabar con las afectaciones.<\/p>\n\n\n\n<p>En contraste a esta situaci\u00f3n, apenas el fin de semana el Presidente de M\u00e9xico, Andr\u00e9s Manuel L\u00f3pez Obrador, indic\u00f3 en su gira por Oaxaca que autoriz\u00f3 mil 600 millones de pesos para 31 municipios de Oaxaca afectados por el hurac\u00e1n \u201c\u00c1gatha\u201d, lo que se suma a los mil 200 millones de pesos que otorgaron de manera inicial en el 2022.<\/p>\n\n\n\n<p>Despu\u00e9s de las 14:00 horas y una vez que fueron atendidos en una mesa de trabajo, los inconformes retiraron el bloqueo carretero, aunque no se han dado a conocer los acuerdos alcanzados.<\/p>\n\n\n\n<figure class=\"wp-block-embed is-type-rich is-provider-twitter wp-block-embed-twitter\"><div class=\"wp-block-embed__wrapper\">\n<div class=\"twitter-tweet\"><blockquote class=\"twitter-tweet\" data-lang=\"es\"><p lang=\"es\" dir=\"ltr\"><a href=\"https:\/\/twitter.com\/hashtag\/%C3%9AltimoMinuto?src=hash&amp;ref_src=twsrc%5Etfw\">#\u00daltimoMinuto<\/a><br>Mientras tanto, organizaciones sociales bloquean los tres accesos al Palacio de Gobierno en la ciudad de Oaxaca y retienen a funcionarios y periodistas que cubren la conferencia de prensa del gobernador <a href=\"https:\/\/twitter.com\/salomonj?ref_src=twsrc%5Etfw\">@salomonj<\/a>. <a href=\"https:\/\/t.co\/mzcwuZYgp6\">pic.twitter.com\/mzcwuZYgp6<\/a><\/p>&mdash; Zona Roja Oaxaca (@ZonaRoja_Oaxaca) <a href=\"https:\/\/twitter.com\/ZonaRoja_Oaxaca\/status\/1696213797135073713?ref_src=twsrc%5Etfw\">28 de agosto de 2023<\/a><\/blockquote><\/div>\n<\/div><\/figure>\n\n\n\n<p>RETENCIONES<\/p>\n\n\n\n<p>Por otra parte, tras una marcha que parti\u00f3 de la fuente de las Ocho Regiones al z\u00f3calo de la capital, organizaciones sociales adheridas al Frente Amplio de los Pueblos Unidos \u201ctomaron\u201d los accesos del Palacio de Gobierno.<\/p>\n\n\n\n<p>Los manifestantes exigieron al Gobierno del Estado soluci\u00f3n a sus demandas, las cuales han entregado desde el inicio de la administraci\u00f3n sin recibir atenciones adecuadas, por lo que se\u00f1alaron hartazgo de mesas de di\u00e1logo sin soluciones.<\/p>\n\n\n\n<p>Las organizaciones se apoderaron de los tres accesos al Palacio de Gobierno en la capital del estado para presionar a ser recibidos.<\/p>\n\n\n\n<p>Dentro, quedaron retenidos por varias horas los funcionarios y periodistas que asistieron a la conferencia de prensa del gobernador Salom\u00f3n Jara Cruz.<\/p>\n\n\n\n<p>Despu\u00e9s de las 13:00 horas quitaron los bloqueos a dos accesos y una hora despu\u00e9s se replegaron al z\u00f3calo, en espera de respuesta a sus demandas.<\/p>\n\n\n\n<figure class=\"wp-block-embed is-type-rich is-provider-twitter wp-block-embed-twitter\"><div class=\"wp-block-embed__wrapper\">\n<div class=\"twitter-tweet\"><blockquote class=\"twitter-tweet\" data-lang=\"es\"><p lang=\"es\" dir=\"ltr\"><a href=\"https:\/\/twitter.com\/hashtag\/%C3%9AltimoMinuto?src=hash&amp;ref_src=twsrc%5Etfw\">#\u00daltimoMinuto<\/a><br>\u00a1Otra protesta!<br>Jubilados del magisterio bloquean la sede de la Secci\u00f3n 22 del SNTE y la segunda calle de Armenta y L\u00f3pez, centro de la capital de <a href=\"https:\/\/twitter.com\/hashtag\/Oaxaca?src=hash&amp;ref_src=twsrc%5Etfw\">#Oaxaca<\/a>. <br>Denuncian desatenci\u00f3n de la dirigencia que encabeza Yenni Aracely P\u00e9rez y del <a href=\"https:\/\/twitter.com\/IEEPOGobOax?ref_src=twsrc%5Etfw\">@IEEPOGobOax<\/a> a diversas\u2026 <a href=\"https:\/\/t.co\/ABeG2l3JjR\">pic.twitter.com\/ABeG2l3JjR<\/a><\/p>&mdash; Zona Roja Oaxaca (@ZonaRoja_Oaxaca) <a href=\"https:\/\/twitter.com\/ZonaRoja_Oaxaca\/status\/1696226869056782763?ref_src=twsrc%5Etfw\">28 de agosto de 2023<\/a><\/blockquote><\/div>\n<\/div><\/figure>\n\n\n\n<p>JUBILADOS<\/p>\n\n\n\n<p>Mientras tanto, trabajadores jubilados de educaci\u00f3n de la Secci\u00f3n 22 del SNTE \u201ctomaron\u201d el edificio central del sindicato y cerraron el paso en la calle de Armenta y L\u00f3pez para exigir al Comit\u00e9 Estatal que dirige Yenny Aracely P\u00e9rez atenci\u00f3n a sus demandas.<\/p>\n\n\n\n<p>Los jubilados demandaron el compromiso de la dirigencia para que en las pr\u00f3ximas mesas de negociaci\u00f3n con el gobierno de Oaxaca y de M\u00e9xico se aborden sus peticiones.<\/p>\n\n\n\n<p>Son unos 350 ex trabajadores, iniciadores del movimiento magisterial en la d\u00e9cada de los 80, que buscan soluci\u00f3n sobre sus plazas.<\/p>\n\n\n\n<p>Advirtieron que de persistir la omisi\u00f3n a sus demandas se reservan el derecho a realizar m\u00e1s acciones de protesta. Cerca de las 16:00 horas retiraron su bloqueo a la vialidad.<\/p>\n\n\n\n<figure class=\"wp-block-embed is-type-rich is-provider-twitter wp-block-embed-twitter\"><div class=\"wp-block-embed__wrapper\">\n<div class=\"twitter-tweet\"><blockquote class=\"twitter-tweet\" data-lang=\"es\"><p lang=\"es\" dir=\"ltr\"><a href=\"https:\/\/twitter.com\/hashtag\/%C3%9AltimosMinuto?src=hash&amp;ref_src=twsrc%5Etfw\">#\u00daltimosMinuto<\/a><br>Tensi\u00f3n en el Centro de Atenci\u00f3n M\u00faltiple (CAM) del DIF en la colonia Alem\u00e1n de la ciudad de Oaxaca; corren a dos maestros de la Secci\u00f3n 22 del SNTE. <a href=\"https:\/\/t.co\/qBYvC21tIr\">pic.twitter.com\/qBYvC21tIr<\/a><\/p>&mdash; Zona Roja Oaxaca (@ZonaRoja_Oaxaca) <a href=\"https:\/\/twitter.com\/ZonaRoja_Oaxaca\/status\/1696183374199574593?ref_src=twsrc%5Etfw\">28 de agosto de 2023<\/a><\/blockquote><\/div>\n<\/div><\/figure>\n\n\n\n<p>CORREN A DOCENTES<\/p>\n\n\n\n<p>Padres de familia del Centro de Atenci\u00f3n M\u00faltiple (CAM) del DIF, en la colonia Alem\u00e1n de la ciudad de Oaxaca, corrieron a maestros de la Secci\u00f3n 22 del Sindicato Nacional de Trabajadores de la Educaci\u00f3n (SNTE), en el inicio del actual ciclo escolar.<\/p>\n\n\n\n<p>Los padres demandaron compromiso de los docentes, a cumplir con los horarios escolares y que no permitir\u00e1n que por los asuntos sindicales se deje a sus hijos sin clases.<\/p>\n\n\n\n<p>A su vez exigieron a las autoridades educativas informaci\u00f3n clara sobre los perfiles de los docentes, para que sepan si cuentan con el perfil de atender a sus hijos o no, pues no quieren exponerlos a personal incapaz o con antecedentes de malos tratos y violaciones a derechos humanos.<\/p>\n","protected":false},"excerpt":{"rendered":"<p>Yuridiana Sosa\/Zona Roja. Oaxaca de Ju\u00e1rez, Oax., a 28 de agosto de 2023.- Diversas organizaciones&hellip;<\/p>\n","protected":false},"author":2,"featured_media":59221,"comment_status":"closed","ping_status":"open","sticky":false,"template":"","format":"standard","meta":{"_lmt_disableupdate":"","_lmt_disable":"","_jetpack_memberships_contains_paid_content":false,"footnotes":""},"categories":[109,47],"tags":[2264],"class_list":["post-59223","post","type-post","status-publish","format-standard","has-post-thumbnail","hentry","category-minuto-a-minuto","category-zona-gris","tag-bloqueos-y-protestas-oaxaca"],"jetpack_featured_media_url":"https:\/\/zonaroja.com.mx\/wp-content\/uploads\/2023\/08\/Protestas-Oaxaca-lunes.jpg","jetpack_sharing_enabled":true,"_links":{"self":[{"href":"https:\/\/zonaroja.com.mx\/index.php?rest_route=\/wp\/v2\/posts\/59223","targetHints":{"allow":["GET"]}}],"collection":[{"href":"https:\/\/zonaroja.com.mx\/index.php?rest_route=\/wp\/v2\/posts"}],"about":[{"href":"https:\/\/zonaroja.com.mx\/index.php?rest_route=\/wp\/v2\/types\/post"}],"author":[{"embeddable":true,"href":"https:\/\/zonaroja.com.mx\/index.php?rest_route=\/wp\/v2\/users\/2"}],"replies":[{"embeddable":true,"href":"https:\/\/zonaroja.com.mx\/index.php?rest_route=%2Fwp%2Fv2%2Fcomments&post=59223"}],"version-history":[{"count":1,"href":"https:\/\/zonaroja.com.mx\/index.php?rest_route=\/wp\/v2\/posts\/59223\/revisions"}],"predecessor-version":[{"id":59224,"href":"https:\/\/zonaroja.com.mx\/index.php?rest_route=\/wp\/v2\/posts\/59223\/revisions\/59224"}],"wp:featuredmedia":[{"embeddable":true,"href":"https:\/\/zonaroja.com.mx\/index.php?rest_route=\/wp\/v2\/media\/59221"}],"wp:attachment":[{"href":"https:\/\/zonaroja.com.mx\/index.php?rest_route=%2Fwp%2Fv2%2Fmedia&parent=59223"}],"wp:term":[{"taxonomy":"category","embeddable":true,"href":"https:\/\/zonaroja.com.mx\/index.php?rest_route=%2Fwp%2Fv2%2Fcategories&post=59223"},{"taxonomy":"post_tag","embeddable":true,"href":"https:\/\/zonaroja.com.mx\/index.php?rest_route=%2Fwp%2Fv2%2Ftags&post=59223"}],"curies":[{"name":"wp","href":"https:\/\/api.w.org\/{rel}","templated":true}]}}