{"id":59227,"date":"2023-08-28T21:17:28","date_gmt":"2023-08-29T02:17:28","guid":{"rendered":"http:\/\/www.zonaroja.com.mx\/?p=59227"},"modified":"2023-08-28T21:17:31","modified_gmt":"2023-08-29T02:17:31","slug":"oaxaca-a-la-baja-en-incidencia-delictiva-insiste-jara-cruz","status":"publish","type":"post","link":"https:\/\/zonaroja.com.mx\/?p=59227","title":{"rendered":"Oaxaca a la baja en incidencia delictiva, insiste Jara Cruz"},"content":{"rendered":"\n<p>Yuridiana Sosa\/Zona Roja.<\/p>\n\n\n\n<p>Oaxaca de Ju\u00e1rez, Oax., a 28 de agosto de 2023.- Pese a los recientes hechos violentos en Oaxaca, el Gobernador del Estado, Salom\u00f3n Jara Cruz, asegur\u00f3 que la incidencia delictiva va a la baja y la entidad se encuentra en el lugar 25 por n\u00famero de delitos.<\/p>\n\n\n\n<p>En su conferencia matutina, Jara Cruz presumi\u00f3 datos del Secretariado Ejecutivo del Sistema Nacional de Seguridad P\u00fablica que colocan a Oaxaca por debajo de la media nacional en la ocurrencia de delitos por cada 100 mil habitantes durante el mes de julio, \u00faltimo reporte.<\/p>\n\n\n\n<p>Indic\u00f3 que esa tendencia a la baja es en comparaci\u00f3n a junio de este a\u00f1o y a julio del 2022; el panorama favorable, dijo, se refuerza con que actualmente la ciudadan\u00eda realiza m\u00e1s denuncias, lo que indica una mayor confianza en el gobierno y en instituciones como la Fiscal\u00eda General de Oaxaca y la Secretar\u00eda de Seguridad y Protecci\u00f3n Ciudadana.<\/p>\n\n\n\n<p>Sin embargo, dijo, el ex gobernador Jos\u00e9 Murat trata de promover medi\u00e1ticamente a nivel nacional que en Oaxaca existe ingobernabilidad.<\/p>\n\n\n\n<p>Mientras que durante el sexenio pasado por las mismas \u00f3rdenes de \u201cPolanco\u201d (Jos\u00e9 Murat) el secretario Ejecutivo del Sistema Estatal de Seguridad, Jos\u00e9 Manuel Vera Salinas, acordaba con los grupos criminales y adem\u00e1s se les cobraban cuotas y comisiones que mes con mes \u201cle llevaban a Polanco\u201d.<\/p>\n\n\n\n<p>Esas situaciones, apunt\u00f3, siguen generando que actualmente polic\u00edas tengan resistencia al cambio, porque ah\u00ed se escond\u00edan y proteg\u00edan muchas actitudes cuestionables de corrupci\u00f3n, y protecci\u00f3n a los mismos grupos delincuenciales.<\/p>\n\n\n\n<p>\u201cSi un sindicato no pagaba moche al padre (Jos\u00e9 Murat), pues claro se le iban con todo. Por eso metieron a la c\u00e1rcel al l\u00edder de la CTM, e hicieron un sindicato que ya ni aparece pero que crecieron como espuma\u201d, destac\u00f3 el gobernador.<\/p>\n\n\n\n<p>Ante el cambio, dijo, ahora hay menos impunidad, y los delincuentes ya\u00a0saben que no tienen un gobierno omiso, ni c\u00f3mplice en materia de seguridad.<\/p>\n\n\n\n<figure class=\"wp-block-embed is-type-rich is-provider-twitter wp-block-embed-twitter\"><div class=\"wp-block-embed__wrapper\">\n<div class=\"twitter-tweet\"><blockquote class=\"twitter-tweet\" data-lang=\"es\"><p lang=\"es\" dir=\"ltr\">En su conferencia de prensa de hoy, el gobernador <a href=\"https:\/\/twitter.com\/salomonj?ref_src=twsrc%5Etfw\">@salomonj<\/a> rebati\u00f3 las cifras de inseguridad.<br>Dijo que la incidencia delictiva va a la baja y Oaxaca ocupa el lugar 25 a nivel nacional por el n\u00famero de delitos.<br>Acus\u00f3 que en el sexenio de Alejandro Murat, Jos\u00e9 Manuel Vera Salinas\u2026 <a href=\"https:\/\/t.co\/uNXlBwqXk8\">pic.twitter.com\/uNXlBwqXk8<\/a><\/p>&mdash; Zona Roja Oaxaca (@ZonaRoja_Oaxaca) <a href=\"https:\/\/twitter.com\/ZonaRoja_Oaxaca\/status\/1696284938092302523?ref_src=twsrc%5Etfw\">28 de agosto de 2023<\/a><\/blockquote><\/div>\n<\/div><\/figure>\n","protected":false},"excerpt":{"rendered":"<p>Yuridiana Sosa\/Zona Roja. Oaxaca de Ju\u00e1rez, Oax., a 28 de agosto de 2023.- Pese a&hellip;<\/p>\n","protected":false},"author":2,"featured_media":59228,"comment_status":"closed","ping_status":"open","sticky":false,"template":"","format":"standard","meta":{"_lmt_disableupdate":"","_lmt_disable":"","_jetpack_memberships_contains_paid_content":false,"footnotes":""},"categories":[109,46],"tags":[939],"class_list":["post-59227","post","type-post","status-publish","format-standard","has-post-thumbnail","hentry","category-minuto-a-minuto","category-zona-blanca","tag-salomon-jara-cruz"],"jetpack_featured_media_url":"https:\/\/zonaroja.com.mx\/wp-content\/uploads\/2023\/08\/Conferencia-de-prensa-gobernador-Salomon-Jara.jpg","jetpack_sharing_enabled":true,"_links":{"self":[{"href":"https:\/\/zonaroja.com.mx\/index.php?rest_route=\/wp\/v2\/posts\/59227","targetHints":{"allow":["GET"]}}],"collection":[{"href":"https:\/\/zonaroja.com.mx\/index.php?rest_route=\/wp\/v2\/posts"}],"about":[{"href":"https:\/\/zonaroja.com.mx\/index.php?rest_route=\/wp\/v2\/types\/post"}],"author":[{"embeddable":true,"href":"https:\/\/zonaroja.com.mx\/index.php?rest_route=\/wp\/v2\/users\/2"}],"replies":[{"embeddable":true,"href":"https:\/\/zonaroja.com.mx\/index.php?rest_route=%2Fwp%2Fv2%2Fcomments&post=59227"}],"version-history":[{"count":1,"href":"https:\/\/zonaroja.com.mx\/index.php?rest_route=\/wp\/v2\/posts\/59227\/revisions"}],"predecessor-version":[{"id":59229,"href":"https:\/\/zonaroja.com.mx\/index.php?rest_route=\/wp\/v2\/posts\/59227\/revisions\/59229"}],"wp:featuredmedia":[{"embeddable":true,"href":"https:\/\/zonaroja.com.mx\/index.php?rest_route=\/wp\/v2\/media\/59228"}],"wp:attachment":[{"href":"https:\/\/zonaroja.com.mx\/index.php?rest_route=%2Fwp%2Fv2%2Fmedia&parent=59227"}],"wp:term":[{"taxonomy":"category","embeddable":true,"href":"https:\/\/zonaroja.com.mx\/index.php?rest_route=%2Fwp%2Fv2%2Fcategories&post=59227"},{"taxonomy":"post_tag","embeddable":true,"href":"https:\/\/zonaroja.com.mx\/index.php?rest_route=%2Fwp%2Fv2%2Ftags&post=59227"}],"curies":[{"name":"wp","href":"https:\/\/api.w.org\/{rel}","templated":true}]}}