{"id":59230,"date":"2023-08-28T23:34:14","date_gmt":"2023-08-29T04:34:14","guid":{"rendered":"http:\/\/www.zonaroja.com.mx\/?p=59230"},"modified":"2023-08-28T23:34:17","modified_gmt":"2023-08-29T04:34:17","slug":"confirmacion-oficial-que-capo-del-cjng-fue-asesinado-en-oaxaca","status":"publish","type":"post","link":"https:\/\/zonaroja.com.mx\/?p=59230","title":{"rendered":"Confirmaci\u00f3n oficial que capo del CJNG fue asesinado en Oaxaca"},"content":{"rendered":"\n<p>Redacci\u00f3n\/Zona Roja.<\/p>\n\n\n\n<p>Oaxaca de Ju\u00e1rez, Oax., a 28 de agosto de 2023.- El titular de la Secretar\u00eda de Seguridad y Protecci\u00f3n Ciudadana de Oaxaca, Iv\u00e1n Garc\u00eda \u00c1lvarez, confirm\u00f3 que el hombre que fue acribillado en San Lorenzo Cacaotepec casi a la media noche del s\u00e1bado era l\u00edder del&nbsp;C\u00e1rtel Jalisco Nueva Generaci\u00f3n (CJNG), originario de Guerrero.<\/p>\n\n\n\n<p>En conferencia matutina del gobernador Salom\u00f3n Jara, el funcionario apunt\u00f3 que desde hace seis meses el hombre identificado como Francisco J., alias \u201cEl Serio\u201d, \u201cEl Seriecito\u201d, y \u201cEl Chico\u201d, se asent\u00f3 en la zona debido al ambiente de tranquilidad en la entidad, caracter\u00edstica que esos grupos buscan para realizar sus operaciones.<\/p>\n\n\n\n<p>Destac\u00f3 que el grupo contrario a \u201cEl Serio\u201d, que operaba en Tierra Caliente, Guerrero, lleg\u00f3 a Oaxaca para ejecutarlo; junto con \u00e9l se dio muerte a una mujer identificada como Adriana \u201cN\u201d.<\/p>\n\n\n\n<p>Por su parte, la autoridad municipal de San Lorenzo Cacaotepec dio a conocer que conf\u00eda en que las autoridades estatales y federales realizar\u00e1n las indagatorias correspondientes.<\/p>\n\n\n\n<p>Expuso que estos hechos son de alto impacto y que de ninguna manera son frecuentes en ese municipio de la regi\u00f3n Valles Centrales de Oaxaca.<\/p>\n\n\n\n<p>Agreg\u00f3 que el ayuntamiento mantiene estrecha coordinaci\u00f3n con los dem\u00e1s niveles de gobierno para mantener la seguridad de la poblaci\u00f3n, en tanto que la polic\u00eda municipal se capacita de manera constante para prevenir la comisi\u00f3n de delitos.<\/p>\n\n\n\n<p>Destac\u00f3 que hasta ahora, San Lorenzo Cacaotepec es el municipio con el mayor n\u00famero de elementos acreditados por parte del Secretariado Ejecutivo del Sistema Estatal de Seguridad P\u00fablica (SESEP).<\/p>\n","protected":false},"excerpt":{"rendered":"<p>Redacci\u00f3n\/Zona Roja. Oaxaca de Ju\u00e1rez, Oax., a 28 de agosto de 2023.- El titular de&hellip;<\/p>\n","protected":false},"author":2,"featured_media":59233,"comment_status":"closed","ping_status":"open","sticky":false,"template":"","format":"standard","meta":{"_lmt_disableupdate":"","_lmt_disable":"","_jetpack_memberships_contains_paid_content":false,"footnotes":""},"categories":[109,47],"tags":[846],"class_list":["post-59230","post","type-post","status-publish","format-standard","has-post-thumbnail","hentry","category-minuto-a-minuto","category-zona-gris","tag-san-lorenzo-cacaotepec"],"jetpack_featured_media_url":"https:\/\/zonaroja.com.mx\/wp-content\/uploads\/2023\/08\/Ejecutado-en-San-Lorenzo-Cacaotepec.jpg","jetpack_sharing_enabled":true,"_links":{"self":[{"href":"https:\/\/zonaroja.com.mx\/index.php?rest_route=\/wp\/v2\/posts\/59230","targetHints":{"allow":["GET"]}}],"collection":[{"href":"https:\/\/zonaroja.com.mx\/index.php?rest_route=\/wp\/v2\/posts"}],"about":[{"href":"https:\/\/zonaroja.com.mx\/index.php?rest_route=\/wp\/v2\/types\/post"}],"author":[{"embeddable":true,"href":"https:\/\/zonaroja.com.mx\/index.php?rest_route=\/wp\/v2\/users\/2"}],"replies":[{"embeddable":true,"href":"https:\/\/zonaroja.com.mx\/index.php?rest_route=%2Fwp%2Fv2%2Fcomments&post=59230"}],"version-history":[{"count":1,"href":"https:\/\/zonaroja.com.mx\/index.php?rest_route=\/wp\/v2\/posts\/59230\/revisions"}],"predecessor-version":[{"id":59234,"href":"https:\/\/zonaroja.com.mx\/index.php?rest_route=\/wp\/v2\/posts\/59230\/revisions\/59234"}],"wp:featuredmedia":[{"embeddable":true,"href":"https:\/\/zonaroja.com.mx\/index.php?rest_route=\/wp\/v2\/media\/59233"}],"wp:attachment":[{"href":"https:\/\/zonaroja.com.mx\/index.php?rest_route=%2Fwp%2Fv2%2Fmedia&parent=59230"}],"wp:term":[{"taxonomy":"category","embeddable":true,"href":"https:\/\/zonaroja.com.mx\/index.php?rest_route=%2Fwp%2Fv2%2Fcategories&post=59230"},{"taxonomy":"post_tag","embeddable":true,"href":"https:\/\/zonaroja.com.mx\/index.php?rest_route=%2Fwp%2Fv2%2Ftags&post=59230"}],"curies":[{"name":"wp","href":"https:\/\/api.w.org\/{rel}","templated":true}]}}