{"id":59237,"date":"2023-08-29T09:30:00","date_gmt":"2023-08-29T14:30:00","guid":{"rendered":"http:\/\/www.zonaroja.com.mx\/?p=59237"},"modified":"2023-08-28T23:41:28","modified_gmt":"2023-08-29T04:41:28","slug":"atiende-laboratorio-de-genetica-del-pjeo-solicitudes-de-pruebas-de-adn","status":"publish","type":"post","link":"https:\/\/zonaroja.com.mx\/?p=59237","title":{"rendered":"Atiende Laboratorio de Gen\u00e9tica del\u00a0 PJEO\u00a0solicitudes de pruebas de ADN"},"content":{"rendered":"\n<p>Redacci\u00f3n\/Zona Roja.<\/p>\n\n\n\n<p>Oaxaca de Ju\u00e1rez, Oax., a 29 de agosto de 2023.- &nbsp;A casi cuatro meses de haber iniciado funciones, el&nbsp;Laboratorio de Gen\u00e9tica Molecular&nbsp;del Poder Judicial del Estado presenta avances importantes en la atenci\u00f3n del rezago de&nbsp;400 juicios de paternidad pendientes de resolverse&nbsp;y de los cuales, en aproximadamente 125 asuntos ya se designaron a los peritos genetistas y se encuentran agendadas m\u00e1s de cien citas para la toma de la prueba de ADN en los meses de agosto y septiembre.&nbsp;<\/p>\n\n\n\n<p>As\u00ed lo&nbsp;inform\u00f3 el magistrado presidente Eduardo Pinacho S\u00e1nchez, quien puntualiz\u00f3&nbsp;que la instituci\u00f3n responsable de administrar justicia&nbsp;tiene la firme encomienda de velar por el respeto al Inter\u00e9s Superior de la Ni\u00f1ez y de cumplir los mecanismos y protocolos con el objetivo de brindarles una atenci\u00f3n adecuada durante los procedimientos judiciales; por ello,&nbsp;se impuls\u00f3 este proyecto que permite contar con la infraestructura material adecuada,&nbsp;digna&nbsp;y confiable en&nbsp;la&nbsp;materia.&nbsp;<\/p>\n\n\n\n<p>\u201cLa&nbsp;determinaci\u00f3n del origen biol\u00f3gico de un ni\u00f1o o una ni\u00f1a es la puerta de entrada a una multiplicidad de derechos de car\u00e1cter civil, patrimonial y de todo tipo que derivan de esta relaci\u00f3n filial, pero tambi\u00e9n puede utilizarse en asuntos de car\u00e1cter penal como identificar al autor de una violaci\u00f3n\u201d, indic\u00f3.&nbsp;<\/p>\n\n\n\n<p>En&nbsp;entrevista&nbsp;para&nbsp;el programa de televisi\u00f3n \u201cSon mis derechos\u201d, una producci\u00f3n del Poder Judicial del Estado, en coordinaci\u00f3n con la Corporaci\u00f3n Oaxaque\u00f1a de Radio y Televisi\u00f3n (Cortv),resalt\u00f3&nbsp;que en los \u00faltimos a\u00f1os se registr\u00f3 un incremento importante en casos de juicios de paternidad que por no disponer de la infraestructura&nbsp;t\u00e9cnica y cient\u00edfica&nbsp;se encontraban paralizados, realidad que ahora est\u00e1 cambiando.&nbsp;<\/p>\n\n\n\n<p>\u201cSon mis derechos\u201d, se transmite los d\u00edas mi\u00e9rcoles, de manera quincenal, de 19:00 a 20:00 horas por el canal 9.1 de la CORTV, con repeticiones el martes a las 17:00 horas y s\u00e1bado a las 12:00 horas.<\/p>\n","protected":false},"excerpt":{"rendered":"<p>Redacci\u00f3n\/Zona Roja. Oaxaca de Ju\u00e1rez, Oax., a 29 de agosto de 2023.- &nbsp;A casi cuatro&hellip;<\/p>\n","protected":false},"author":2,"featured_media":59232,"comment_status":"closed","ping_status":"open","sticky":false,"template":"","format":"standard","meta":{"_lmt_disableupdate":"","_lmt_disable":"","_jetpack_memberships_contains_paid_content":false,"footnotes":""},"categories":[109,46],"tags":[223],"class_list":["post-59237","post","type-post","status-publish","format-standard","has-post-thumbnail","hentry","category-minuto-a-minuto","category-zona-blanca","tag-poder-judicial-de-oaxaca"],"jetpack_featured_media_url":"https:\/\/zonaroja.com.mx\/wp-content\/uploads\/2023\/08\/El-titular-del-Poder-Judicial-del-Estado-participo-en-el-programa-de-television-Son-mis-derechos.jpg","jetpack_sharing_enabled":true,"_links":{"self":[{"href":"https:\/\/zonaroja.com.mx\/index.php?rest_route=\/wp\/v2\/posts\/59237","targetHints":{"allow":["GET"]}}],"collection":[{"href":"https:\/\/zonaroja.com.mx\/index.php?rest_route=\/wp\/v2\/posts"}],"about":[{"href":"https:\/\/zonaroja.com.mx\/index.php?rest_route=\/wp\/v2\/types\/post"}],"author":[{"embeddable":true,"href":"https:\/\/zonaroja.com.mx\/index.php?rest_route=\/wp\/v2\/users\/2"}],"replies":[{"embeddable":true,"href":"https:\/\/zonaroja.com.mx\/index.php?rest_route=%2Fwp%2Fv2%2Fcomments&post=59237"}],"version-history":[{"count":1,"href":"https:\/\/zonaroja.com.mx\/index.php?rest_route=\/wp\/v2\/posts\/59237\/revisions"}],"predecessor-version":[{"id":59238,"href":"https:\/\/zonaroja.com.mx\/index.php?rest_route=\/wp\/v2\/posts\/59237\/revisions\/59238"}],"wp:featuredmedia":[{"embeddable":true,"href":"https:\/\/zonaroja.com.mx\/index.php?rest_route=\/wp\/v2\/media\/59232"}],"wp:attachment":[{"href":"https:\/\/zonaroja.com.mx\/index.php?rest_route=%2Fwp%2Fv2%2Fmedia&parent=59237"}],"wp:term":[{"taxonomy":"category","embeddable":true,"href":"https:\/\/zonaroja.com.mx\/index.php?rest_route=%2Fwp%2Fv2%2Fcategories&post=59237"},{"taxonomy":"post_tag","embeddable":true,"href":"https:\/\/zonaroja.com.mx\/index.php?rest_route=%2Fwp%2Fv2%2Ftags&post=59237"}],"curies":[{"name":"wp","href":"https:\/\/api.w.org\/{rel}","templated":true}]}}