{"id":59239,"date":"2023-08-29T08:00:03","date_gmt":"2023-08-29T13:00:03","guid":{"rendered":"http:\/\/www.zonaroja.com.mx\/?p=59239"},"modified":"2023-08-29T08:00:07","modified_gmt":"2023-08-29T13:00:07","slug":"mueren-ocho-personas-calcinadas-en-accidente-carretero-en-autopista-del-sol","status":"publish","type":"post","link":"https:\/\/zonaroja.com.mx\/?p=59239","title":{"rendered":"Mueren ocho personas calcinadas en accidente carretero en Autopista del Sol"},"content":{"rendered":"\n<p>Redacci\u00f3n\/Zona Roja Cdmx.<\/p>\n\n\n\n<p>Ciudad de M\u00e9xico, a 29 de agosto de 2023.- Al menos ocho personas murieron calcinadas en el accidente automovil\u00edstico que se registr\u00f3 en la carretera federal Chilpancingo-Iguala a la altura de la comunidad de El Platanal, del municipio de Eduardo Neri, Guerrero, y en el que estuvieron involucrados tres veh\u00edculos, un cami\u00f3n tipo torton, una pipa de combustible y un taxi de ruta.<\/p>\n\n\n\n<p>De acuerdo con reportes preliminares de la Secretar\u00eda de Gesti\u00f3n Integral de Riesgos y Protecci\u00f3n Civil, tanto en el cami\u00f3n tipo torton como en la pipa de combustible, habr\u00edan sido los conductores quienes perdieron la vida mientras que en el veh\u00edculo de transporte p\u00fablico fueron seis los ocupantes que quedaron calcinados al interior de la unidad.<\/p>\n\n\n\n<p>El accidente se registr\u00f3 alrededor de las 16:00 horas y hasta el momento las autoridades no han determinado qu\u00e9 fue lo que provoc\u00f3 el accidente, \u00fanicamente se ha establecido que tres veh\u00edculos estuvieron involucrados y por el accidente, la pipa de combustible se incendi\u00f3<\/p>\n\n\n\n<p>El incendio gener\u00f3 una densa columna de humo que se pudo apreciar desde Chilpancingo y Zumpango.<\/p>\n\n\n\n<p>El taxi accidentado en el que viajaban seis personas incluido el chofer es de los que cubren la ruta Chilpancingo-Iguala y no se ha establecido hacia donde se dirig\u00eda.<\/p>\n\n\n\n<p>Para la atenci\u00f3n del siniestro se dispuso de personal de protecci\u00f3n civil y bomberos de Chilpancingo Zumpango e Iguala quienes tardaron al menos dos horas para poder controlar las llamas durante este tiempo la circulaci\u00f3n en la carretera permaneci\u00f3 cerrada.<\/p>\n\n\n\n<p>(Informaci\u00f3n de \u201cEl Sol de M\u00e9xico\u201d)<\/p>\n","protected":false},"excerpt":{"rendered":"<p>Redacci\u00f3n\/Zona Roja Cdmx. Ciudad de M\u00e9xico, a 29 de agosto de 2023.- Al menos ocho&hellip;<\/p>\n","protected":false},"author":2,"featured_media":59241,"comment_status":"closed","ping_status":"open","sticky":false,"template":"","format":"standard","meta":{"_lmt_disableupdate":"","_lmt_disable":"","_jetpack_memberships_contains_paid_content":false,"footnotes":""},"categories":[109,47],"tags":[80],"class_list":["post-59239","post","type-post","status-publish","format-standard","has-post-thumbnail","hentry","category-minuto-a-minuto","category-zona-gris","tag-guerrero"],"jetpack_featured_media_url":"https:\/\/zonaroja.com.mx\/wp-content\/uploads\/2023\/08\/Incendio-y-accidente-autopista-del-sol-Guerrero.jpeg","jetpack_sharing_enabled":true,"_links":{"self":[{"href":"https:\/\/zonaroja.com.mx\/index.php?rest_route=\/wp\/v2\/posts\/59239","targetHints":{"allow":["GET"]}}],"collection":[{"href":"https:\/\/zonaroja.com.mx\/index.php?rest_route=\/wp\/v2\/posts"}],"about":[{"href":"https:\/\/zonaroja.com.mx\/index.php?rest_route=\/wp\/v2\/types\/post"}],"author":[{"embeddable":true,"href":"https:\/\/zonaroja.com.mx\/index.php?rest_route=\/wp\/v2\/users\/2"}],"replies":[{"embeddable":true,"href":"https:\/\/zonaroja.com.mx\/index.php?rest_route=%2Fwp%2Fv2%2Fcomments&post=59239"}],"version-history":[{"count":1,"href":"https:\/\/zonaroja.com.mx\/index.php?rest_route=\/wp\/v2\/posts\/59239\/revisions"}],"predecessor-version":[{"id":59242,"href":"https:\/\/zonaroja.com.mx\/index.php?rest_route=\/wp\/v2\/posts\/59239\/revisions\/59242"}],"wp:featuredmedia":[{"embeddable":true,"href":"https:\/\/zonaroja.com.mx\/index.php?rest_route=\/wp\/v2\/media\/59241"}],"wp:attachment":[{"href":"https:\/\/zonaroja.com.mx\/index.php?rest_route=%2Fwp%2Fv2%2Fmedia&parent=59239"}],"wp:term":[{"taxonomy":"category","embeddable":true,"href":"https:\/\/zonaroja.com.mx\/index.php?rest_route=%2Fwp%2Fv2%2Fcategories&post=59239"},{"taxonomy":"post_tag","embeddable":true,"href":"https:\/\/zonaroja.com.mx\/index.php?rest_route=%2Fwp%2Fv2%2Ftags&post=59239"}],"curies":[{"name":"wp","href":"https:\/\/api.w.org\/{rel}","templated":true}]}}