{"id":59243,"date":"2023-08-29T11:30:00","date_gmt":"2023-08-29T16:30:00","guid":{"rendered":"http:\/\/www.zonaroja.com.mx\/?p=59243"},"modified":"2023-08-29T08:10:27","modified_gmt":"2023-08-29T13:10:27","slug":"insuperable-oaxaca-en-ocupacion-informal-encabeza-la-lista-nacional-inegi","status":"publish","type":"post","link":"https:\/\/zonaroja.com.mx\/?p=59243","title":{"rendered":"Insuperable Oaxaca en ocupaci\u00f3n informal; encabeza la lista nacional: Inegi"},"content":{"rendered":"\n<p>Yuridiana Sosa\/Zona Roja.<\/p>\n\n\n\n<p>Oaxaca de Ju\u00e1rez, Oax., a 29 de agosto de 2023.- Durante el segundo trimestre de este a\u00f1o, Oaxaca se coloc\u00f3 en primer lugar por mantener la tasa m\u00e1s alta en informalidad laboral, de acuerdo con la Encuesta Nacional de Ocupaci\u00f3n y Empleo (ENOEN).<\/p>\n\n\n\n<p>El reporte del Instituto Nacional de Estad\u00edstica y Geograf\u00eda (Inegi) indic\u00f3 que entre abril y junio, Oaxaca tuvo una tasa de informalidad laboral del 80.3 por ciento, seguido por Guerrero, con 78.1 por ciento y Chiapas, 76 por ciento.<\/p>\n\n\n\n<p>Pero a su vez, la tasa de ocupaci\u00f3n fue mayor en Guerrero con el 99.1 por ciento; en segundo lugar, Oaxaca con el 98.8 por ciento; Yucat\u00e1n, 98.4 por ciento; Campeche, Chiapas y Morelos 98.2 por ciento. Por lo que la tasa de desocupaci\u00f3n en la entidad oaxaque\u00f1a fue de 1.2, la segunda m\u00e1s baja.<\/p>\n\n\n\n<p>En el \u00e1mbito municipal, Oaxaca de Ju\u00e1rez tambi\u00e9n sobresali\u00f3 por ser la zona urbana con menor desocupaci\u00f3n; detr\u00e1s se situaron Acapulco, Guerrero; Tijuana, Baja California y Cuernavaca, Morelos.<\/p>\n\n\n\n<p>Los niveles m\u00e1s altos de ocupaci\u00f3n en la informalidad se presentaron en Tlaxcala, con el 67.1 por ciento; Acapulco, 61 por ciento y Oaxaca, 58.2 por ciento.<\/p>\n\n\n\n<p>A DETALLE<\/p>\n\n\n\n<p>El reporte de la ENOEN tambi\u00e9n revel\u00f3 que la Poblaci\u00f3n Econ\u00f3micamente Activa (PEA), al segundo trimestre de 2023, disminuy\u00f3 en m\u00e1s de 66 mil personas en comparaci\u00f3n al mismo periodo del 2022.<\/p>\n\n\n\n<p>La Poblaci\u00f3n No Econ\u00f3micamente Activa (PNEA) fue de 65 263 m\u00e1s que en el segundo trimestre de 2022, mientras que la poblaci\u00f3n disponible para trabajar se redujo y la no disponible aument\u00f3.<\/p>\n\n\n\n<p>Las personas ocupadas en el sector comercio, en general, registr\u00f3 una reducci\u00f3n; los servicios diversos incrementaron y los servicios sociales disminuyeron.&nbsp; Entre las \u00e1reas se report\u00f3 que los restaurantes y servicios de alojamiento mostraron disminuci\u00f3n de 34 mil 287 personas, en relaci\u00f3n con el segundo trimestre de 2022.<\/p>\n\n\n\n<p>En el segundo trimestre de 2023, en el \u00e1mbito no agropecuario se emplearon 16 mil 343 personas menos que en el segundo trimestre de 2022. En los micronegocios tambi\u00e9n hubo bajas en 14 mil 346 trabajadores; en unidades econ\u00f3micas con establecimiento para operar el decremento fue de 20 mil 835 empleados y sin establecimiento aument\u00f3 en seis mil 489, mientras que las personas ocupadas en gobierno aumentaron en 857.<\/p>\n\n\n\n<p>A nivel nacional, en el segundo trimestre de 2023, la Poblaci\u00f3n Econ\u00f3micamente Activa (PEA) del pa\u00eds fue de 60.2 millones de personas, lo que signific\u00f3 un aumento de 878 mil m\u00e1s que en el segundo trimestre de 2022.<\/p>\n","protected":false},"excerpt":{"rendered":"<p>Yuridiana Sosa\/Zona Roja. Oaxaca de Ju\u00e1rez, Oax., a 29 de agosto de 2023.- Durante el&hellip;<\/p>\n","protected":false},"author":2,"featured_media":59244,"comment_status":"closed","ping_status":"open","sticky":false,"template":"","format":"standard","meta":{"_lmt_disableupdate":"","_lmt_disable":"","_jetpack_memberships_contains_paid_content":false,"footnotes":""},"categories":[109,47],"tags":[1331],"class_list":["post-59243","post","type-post","status-publish","format-standard","has-post-thumbnail","hentry","category-minuto-a-minuto","category-zona-gris","tag-instituto-nacional-de-geografia-y-estadistica-inegi"],"jetpack_featured_media_url":"https:\/\/zonaroja.com.mx\/wp-content\/uploads\/2023\/08\/Ambulantes-ciudad-de-Oaxaca.jpg","jetpack_sharing_enabled":true,"_links":{"self":[{"href":"https:\/\/zonaroja.com.mx\/index.php?rest_route=\/wp\/v2\/posts\/59243","targetHints":{"allow":["GET"]}}],"collection":[{"href":"https:\/\/zonaroja.com.mx\/index.php?rest_route=\/wp\/v2\/posts"}],"about":[{"href":"https:\/\/zonaroja.com.mx\/index.php?rest_route=\/wp\/v2\/types\/post"}],"author":[{"embeddable":true,"href":"https:\/\/zonaroja.com.mx\/index.php?rest_route=\/wp\/v2\/users\/2"}],"replies":[{"embeddable":true,"href":"https:\/\/zonaroja.com.mx\/index.php?rest_route=%2Fwp%2Fv2%2Fcomments&post=59243"}],"version-history":[{"count":1,"href":"https:\/\/zonaroja.com.mx\/index.php?rest_route=\/wp\/v2\/posts\/59243\/revisions"}],"predecessor-version":[{"id":59245,"href":"https:\/\/zonaroja.com.mx\/index.php?rest_route=\/wp\/v2\/posts\/59243\/revisions\/59245"}],"wp:featuredmedia":[{"embeddable":true,"href":"https:\/\/zonaroja.com.mx\/index.php?rest_route=\/wp\/v2\/media\/59244"}],"wp:attachment":[{"href":"https:\/\/zonaroja.com.mx\/index.php?rest_route=%2Fwp%2Fv2%2Fmedia&parent=59243"}],"wp:term":[{"taxonomy":"category","embeddable":true,"href":"https:\/\/zonaroja.com.mx\/index.php?rest_route=%2Fwp%2Fv2%2Fcategories&post=59243"},{"taxonomy":"post_tag","embeddable":true,"href":"https:\/\/zonaroja.com.mx\/index.php?rest_route=%2Fwp%2Fv2%2Ftags&post=59243"}],"curies":[{"name":"wp","href":"https:\/\/api.w.org\/{rel}","templated":true}]}}