{"id":59246,"date":"2023-08-29T10:30:00","date_gmt":"2023-08-29T15:30:00","guid":{"rendered":"http:\/\/www.zonaroja.com.mx\/?p=59246"},"modified":"2023-08-29T08:25:20","modified_gmt":"2023-08-29T13:25:20","slug":"la-seccion-22-del-snte-inicia-movilizaciones-el-viernes-pero-en-la-cdmx","status":"publish","type":"post","link":"https:\/\/zonaroja.com.mx\/?p=59246","title":{"rendered":"La Secci\u00f3n 22 del SNTE inicia movilizaciones el viernes\u2026 pero en la Cdmx"},"content":{"rendered":"\n<p>Ismael Garc\u00eda M.\/Zona Roja.<\/p>\n\n\n\n<p>Oaxaca de Ju\u00e1rez, Oax., a 29 de agosto de 2023.- Al tener resuelta la mayor\u00eda de las demandas, la Secci\u00f3n 22 del Sindicato Nacional de Trabajadores de la Educaci\u00f3n no prev\u00e9 parar labores en Oaxaca, como lo hab\u00eda anunciado.<\/p>\n\n\n\n<p>\u00danicamente una representaci\u00f3n magisterial se trasladar\u00e1 a la Ciudad de M\u00e9xico para sumarse a partir del 1 de septiembre a la Jornada de Lucha Nacional de la CNTE.<\/p>\n\n\n\n<p>Para ello, el Comit\u00e9 Ejecutivo Seccional de la gremial emiti\u00f3 la convocatoria dirigida a los trabajadores de la educaci\u00f3n para participar de manera masiva en la actividad, citada a las 09:00 horas del viernes en la estatua del Caballito.<\/p>\n\n\n\n<p>Tras ello, los adheridos a la Coordinadora Nacional de Trabajadores de la Educaci\u00f3n (CNTE), de varios estados del pa\u00eds, marchar\u00e1n hacia la C\u00e1mara de Diputados federal.<\/p>\n\n\n\n<p>La intenci\u00f3n es exigir a los legisladores la abrogaci\u00f3n de la reforma educativa del Presidente Andr\u00e9s Manuel L\u00f3pez Obrador; la cancelaci\u00f3n de la incorporaci\u00f3n del sector ind\u00edgena al Instituto Nacional de Pueblo Ind\u00edgenas y la reinstalaci\u00f3n inmediata de la mesa nacional de di\u00e1logo con el mandatario nacional.<\/p>\n\n\n\n<p>Cabe mencionar que en conferencias de prensa anteriores, la secretaria General de la Secci\u00f3n 22 ha evadido pronunciarse respecto a un paro de labores permanente.<\/p>\n\n\n\n<p>Asimismo, no ha dado a conocer su postura respecto a los libros de texto gratuito para el presente ciclo escolar, que han sido rechazado en seis entidades del pa\u00eds.<\/p>\n\n\n\n<p>Tampoco hubo movilizaciones durante las fiestas de la Guelaguetza de este a\u00f1o y desde mayo ya no hay marchas ni protestas magisteriales.<\/p>\n","protected":false},"excerpt":{"rendered":"<p>Ismael Garc\u00eda M.\/Zona Roja. Oaxaca de Ju\u00e1rez, Oax., a 29 de agosto de 2023.- Al&hellip;<\/p>\n","protected":false},"author":2,"featured_media":48551,"comment_status":"closed","ping_status":"open","sticky":false,"template":"","format":"standard","meta":{"_lmt_disableupdate":"","_lmt_disable":"","_jetpack_memberships_contains_paid_content":false,"footnotes":""},"categories":[109,47],"tags":[312],"class_list":["post-59246","post","type-post","status-publish","format-standard","has-post-thumbnail","hentry","category-minuto-a-minuto","category-zona-gris","tag-seccion-22-del-snte"],"jetpack_featured_media_url":"https:\/\/zonaroja.com.mx\/wp-content\/uploads\/2022\/11\/Asamblea-Seccion-22-SNTE.jpg","jetpack_sharing_enabled":true,"_links":{"self":[{"href":"https:\/\/zonaroja.com.mx\/index.php?rest_route=\/wp\/v2\/posts\/59246","targetHints":{"allow":["GET"]}}],"collection":[{"href":"https:\/\/zonaroja.com.mx\/index.php?rest_route=\/wp\/v2\/posts"}],"about":[{"href":"https:\/\/zonaroja.com.mx\/index.php?rest_route=\/wp\/v2\/types\/post"}],"author":[{"embeddable":true,"href":"https:\/\/zonaroja.com.mx\/index.php?rest_route=\/wp\/v2\/users\/2"}],"replies":[{"embeddable":true,"href":"https:\/\/zonaroja.com.mx\/index.php?rest_route=%2Fwp%2Fv2%2Fcomments&post=59246"}],"version-history":[{"count":1,"href":"https:\/\/zonaroja.com.mx\/index.php?rest_route=\/wp\/v2\/posts\/59246\/revisions"}],"predecessor-version":[{"id":59247,"href":"https:\/\/zonaroja.com.mx\/index.php?rest_route=\/wp\/v2\/posts\/59246\/revisions\/59247"}],"wp:featuredmedia":[{"embeddable":true,"href":"https:\/\/zonaroja.com.mx\/index.php?rest_route=\/wp\/v2\/media\/48551"}],"wp:attachment":[{"href":"https:\/\/zonaroja.com.mx\/index.php?rest_route=%2Fwp%2Fv2%2Fmedia&parent=59246"}],"wp:term":[{"taxonomy":"category","embeddable":true,"href":"https:\/\/zonaroja.com.mx\/index.php?rest_route=%2Fwp%2Fv2%2Fcategories&post=59246"},{"taxonomy":"post_tag","embeddable":true,"href":"https:\/\/zonaroja.com.mx\/index.php?rest_route=%2Fwp%2Fv2%2Ftags&post=59246"}],"curies":[{"name":"wp","href":"https:\/\/api.w.org\/{rel}","templated":true}]}}