{"id":5925,"date":"2019-11-20T21:15:39","date_gmt":"2019-11-21T03:15:39","guid":{"rendered":"http:\/\/www.zonaroja.com.mx\/?p=5925"},"modified":"2019-11-20T21:33:05","modified_gmt":"2019-11-21T03:33:05","slug":"secuestran-pobladores-de-mixistlan-a-medio-centenar-de-trabajadores-del-teeo","status":"publish","type":"post","link":"https:\/\/zonaroja.com.mx\/?p=5925","title":{"rendered":"Secuestran pobladores de Mixistl\u00e1n a medio centenar de trabajadores del TEEO"},"content":{"rendered":"\n<p>Redacci\u00f3n\/Zona\nRoja.<\/p>\n\n\n\n<p>Oaxaca de\nJu\u00e1rez, Oax., 20 de noviembre de 2019.- Pobladores del municipio de Mixistl\u00e1n\nde la Reforma mantienen retenidos a unos 55 trabajadores del Tribunal Electoral\ndel Estado de Oaxaca (TEEO) desde el mediod\u00eda de este mi\u00e9rcoles, sin que\nninguna otra autoridad act\u00fae.<\/p>\n\n\n\n<p>En un\ncomunicado, el organismo denunci\u00f3 que los inconformes mantienen retenidos tambi\u00e9n\nen sus oficinas de la colonia Reforma de la ciudad de Oaxaca, a los magistrados\nElizabeth Bautista Velasco y Raymundo Wilfrido L\u00f3pez V\u00e1squez.<\/p>\n\n\n\n<p>\u201cAnte estos\nhechos se ha solicitado la intervenci\u00f3n de la Secretar\u00eda General de Gobierno\ndel Poder Ejecutivo; de la Defensor\u00eda de los Derechos Humanos del Pueblo de Oaxaca\ny de la Secretar\u00eda de Seguridad P\u00fablica del Estado, para que pongan en pr\u00e1ctica\nlos protocolos para garantizar la seguridad personal de los servidores p\u00fablicos\nretenidos y sean liberados de manera inmediata\u201d, dijo.<\/p>\n\n\n\n<p>Precis\u00f3 que\nlos reclamos de los ciudadanos de Mixistl\u00e1n de la Reforma no tienen ninguna\nrelaci\u00f3n con alg\u00fan asunto electoral que se est\u00e9 tramitando en el TEEO, \u201cpor lo\ncual insistimos ante las instancias de gobierno y de protecci\u00f3n de los Derechos\nHumanos, act\u00faen con responsabilidad y la celeridad que amerita el caso.<\/p>\n\n\n\n<p>\u201cYa que\nentre el personal se encuentran madres y padres de familia con hijos menores,\nadem\u00e1s de personas en estado vulnerable, a quienes se le est\u00e1n violentando sus derechos\nfundamentales\u201d, recalc\u00f3.<\/p>\n\n\n\n<p>Asimismo, detall\u00f3\nque el \u00f3rgano se encuentra en per\u00edodo de elecciones bajo el Sistema Normativo\nInterno, y no ha sido posible recibir documentaci\u00f3n alguna, \u201cafect\u00e1ndose\ngravemente el trabajo jurisdiccional del Tribunal en favor de los derechos de\nlos pueblos y comunidades ind\u00edgenas del estado de Oaxaca\u201d.<\/p>\n\n\n\n<p>Los\nmanifestantes provienen de diversas agencias y exigen participaciones\nmunicipales a su cabecera municipal, as\u00ed como no ser excluidos de la elecci\u00f3n\nde sus autoridades.<\/p>\n","protected":false},"excerpt":{"rendered":"<p>Redacci\u00f3n\/Zona Roja. Oaxaca de Ju\u00e1rez, Oax., 20 de noviembre de 2019.- Pobladores del municipio de&hellip;<\/p>\n","protected":false},"author":2,"featured_media":5926,"comment_status":"closed","ping_status":"open","sticky":false,"template":"","format":"standard","meta":{"_lmt_disableupdate":"","_lmt_disable":"","_jetpack_memberships_contains_paid_content":false,"footnotes":""},"categories":[109,47],"tags":[1033],"class_list":["post-5925","post","type-post","status-publish","format-standard","has-post-thumbnail","hentry","category-minuto-a-minuto","category-zona-gris","tag-mixistlan-de-la-reforma"],"jetpack_featured_media_url":"https:\/\/zonaroja.com.mx\/wp-content\/uploads\/2019\/11\/IMG_0485.jpg","jetpack_sharing_enabled":true,"_links":{"self":[{"href":"https:\/\/zonaroja.com.mx\/index.php?rest_route=\/wp\/v2\/posts\/5925","targetHints":{"allow":["GET"]}}],"collection":[{"href":"https:\/\/zonaroja.com.mx\/index.php?rest_route=\/wp\/v2\/posts"}],"about":[{"href":"https:\/\/zonaroja.com.mx\/index.php?rest_route=\/wp\/v2\/types\/post"}],"author":[{"embeddable":true,"href":"https:\/\/zonaroja.com.mx\/index.php?rest_route=\/wp\/v2\/users\/2"}],"replies":[{"embeddable":true,"href":"https:\/\/zonaroja.com.mx\/index.php?rest_route=%2Fwp%2Fv2%2Fcomments&post=5925"}],"version-history":[{"count":1,"href":"https:\/\/zonaroja.com.mx\/index.php?rest_route=\/wp\/v2\/posts\/5925\/revisions"}],"predecessor-version":[{"id":5927,"href":"https:\/\/zonaroja.com.mx\/index.php?rest_route=\/wp\/v2\/posts\/5925\/revisions\/5927"}],"wp:featuredmedia":[{"embeddable":true,"href":"https:\/\/zonaroja.com.mx\/index.php?rest_route=\/wp\/v2\/media\/5926"}],"wp:attachment":[{"href":"https:\/\/zonaroja.com.mx\/index.php?rest_route=%2Fwp%2Fv2%2Fmedia&parent=5925"}],"wp:term":[{"taxonomy":"category","embeddable":true,"href":"https:\/\/zonaroja.com.mx\/index.php?rest_route=%2Fwp%2Fv2%2Fcategories&post=5925"},{"taxonomy":"post_tag","embeddable":true,"href":"https:\/\/zonaroja.com.mx\/index.php?rest_route=%2Fwp%2Fv2%2Ftags&post=5925"}],"curies":[{"name":"wp","href":"https:\/\/api.w.org\/{rel}","templated":true}]}}