{"id":59253,"date":"2023-08-29T14:32:00","date_gmt":"2023-08-29T19:32:00","guid":{"rendered":"http:\/\/www.zonaroja.com.mx\/?p=59253"},"modified":"2023-08-29T15:09:04","modified_gmt":"2023-08-29T20:09:04","slug":"orgullo-mexicano-isaac-del-toro-ganador-del-tour-de-francia-sub-23","status":"publish","type":"post","link":"https:\/\/zonaroja.com.mx\/?p=59253","title":{"rendered":"\u00a1Orgullo mexicano! Isaac del Toro, ganador del Tour de Francia Sub-23"},"content":{"rendered":"\n<p>Redacci\u00f3n\/Zona Roja Cdmx.<\/p>\n\n\n\n<p>Ciudad de M\u00e9xico, a 29 de agosto de 2023.- Isaac del Toro, un joven ciclista mexicano de 19 a\u00f1os, ha dejado su huella en el mundo del ciclismo al convertirse en el primer campe\u00f3n mexicano del Tour de l\u2019Avenir, conocido como el Tour de Francia Sub-23.<\/p>\n\n\n\n<p>La etapa final de esta prestigiosa competencia, que tuvo lugar en la monta\u00f1a de Sainte-Foy-Tarentaise, vio al mexicano cruzar la l\u00ednea de meta en el segundo lugar, solo superado por el italiano Giulio Pellizzari.<\/p>\n\n\n\n<p>Isaac del Toro ya hab\u00eda dejado su marca al ganar una etapa en Cole de la Loze y obtener el segundo lugar en otras dos fases de la carrera. Su rendimiento lo catapult\u00f3 por encima de Matthew Riccitello en la clasificaci\u00f3n general, con una diferencia de 54 segundos.<\/p>\n\n\n\n<p>Lo m\u00e1s notable de la victoria de Del Toro es que domin\u00f3 en todas las categor\u00edas, portando los maillots de l\u00edder general, l\u00edder de monta\u00f1a, l\u00edder juvenil y l\u00edder en puntuaci\u00f3n.<\/p>\n\n\n\n<p>HACE HISTORIA<\/p>\n\n\n\n<p>Isaac del Toro ha marcado un hito en la historia del ciclismo mexicano al convertirse en el primer ciclista de su pa\u00eds en ganar el Tour del Porvenir.<\/p>\n\n\n\n<p>La \u00faltima etapa, que abarc\u00f3 99.6 kil\u00f3metros desde Val Cenis hasta Sainte Foy Tarentaise, vio a Del Toro terminar en el segundo lugar, solo superado por el italiano Giulio Pellizzari en un emocionante esprint que defini\u00f3 al ganador de la etapa. El belga William Junior Lecerf lleg\u00f3 en tercer lugar.<\/p>\n\n\n\n<p>El joven ciclista mexicano logr\u00f3 llevarse la clasificaci\u00f3n general de la 59\u00aa edici\u00f3n de esta prestigiosa prueba, con una ventaja de 1 minuto y 13 segundos sobre Pellizzari y 1 minuto y 42 segundos sobre el tambi\u00e9n italiano Davide Pignazoli.<\/p>\n\n\n\n<p>Isaac del Toro asegur\u00f3 su victoria al ganar la etapa con final en el Col de la Loze el d\u00eda anterior, en una demostraci\u00f3n de su impresionante habilidad en la monta\u00f1a.<\/p>\n\n\n\n<p>Este logro marca un nuevo cap\u00edtulo en la carrera de Isaac del Toro, un ciclista de 19 a\u00f1os originario de Baja California que ha estado involucrado en el ciclismo desde una edad temprana gracias a la influencia de sus padres, quienes tambi\u00e9n son aficionados al deporte. Su debut profesional tuvo lugar en la ciudad de Ensenada.<\/p>\n\n\n\n<p>Desde 2019, Del Toro forma parte del equipo Monex Pro Cycling Team, donde ha destacado en diversas disciplinas, incluyendo ciclismo de ruta, bicicleta de monta\u00f1a y ciclocross. Su equipo destaca su fortaleza mental y su destacada presencia en el pelot\u00f3n de ciclistas con los que compite.<\/p>\n\n\n\n<p>Mediante una entrevista que se viraliz\u00f3, se puede ver al atleta emocionado, hasta el punto en que no puede contener las l\u00e1grimas cuando lo entrevistan y le preguntan por este logr\u00f3 que pone en alto el nombre de M\u00e9xico y lo reconocen en todo el mundo.<\/p>\n\n\n\n<p>En redes sociales los usuarios no dejaron de dejarle felicitaciones, expresando que tambi\u00e9n los hace sentir orgullosos este m\u00e9rito, as\u00ed como sus mejores deseos para \u00e9l.<\/p>\n\n\n\n<p>(Informaci\u00f3n de Infobae M\u00e9xico)<\/p>\n","protected":false},"excerpt":{"rendered":"<p>Redacci\u00f3n\/Zona Roja Cdmx. Ciudad de M\u00e9xico, a 29 de agosto de 2023.- Isaac del Toro,&hellip;<\/p>\n","protected":false},"author":2,"featured_media":59254,"comment_status":"closed","ping_status":"open","sticky":false,"template":"","format":"standard","meta":{"_lmt_disableupdate":"","_lmt_disable":"","_jetpack_memberships_contains_paid_content":false,"footnotes":""},"categories":[109,46],"tags":[3662],"class_list":["post-59253","post","type-post","status-publish","format-standard","has-post-thumbnail","hentry","category-minuto-a-minuto","category-zona-blanca","tag-ciclista-isaac-del-toro"],"jetpack_featured_media_url":"https:\/\/zonaroja.com.mx\/wp-content\/uploads\/2023\/08\/Ciclista-Isaac-del-Toro.jpeg","jetpack_sharing_enabled":true,"_links":{"self":[{"href":"https:\/\/zonaroja.com.mx\/index.php?rest_route=\/wp\/v2\/posts\/59253","targetHints":{"allow":["GET"]}}],"collection":[{"href":"https:\/\/zonaroja.com.mx\/index.php?rest_route=\/wp\/v2\/posts"}],"about":[{"href":"https:\/\/zonaroja.com.mx\/index.php?rest_route=\/wp\/v2\/types\/post"}],"author":[{"embeddable":true,"href":"https:\/\/zonaroja.com.mx\/index.php?rest_route=\/wp\/v2\/users\/2"}],"replies":[{"embeddable":true,"href":"https:\/\/zonaroja.com.mx\/index.php?rest_route=%2Fwp%2Fv2%2Fcomments&post=59253"}],"version-history":[{"count":1,"href":"https:\/\/zonaroja.com.mx\/index.php?rest_route=\/wp\/v2\/posts\/59253\/revisions"}],"predecessor-version":[{"id":59255,"href":"https:\/\/zonaroja.com.mx\/index.php?rest_route=\/wp\/v2\/posts\/59253\/revisions\/59255"}],"wp:featuredmedia":[{"embeddable":true,"href":"https:\/\/zonaroja.com.mx\/index.php?rest_route=\/wp\/v2\/media\/59254"}],"wp:attachment":[{"href":"https:\/\/zonaroja.com.mx\/index.php?rest_route=%2Fwp%2Fv2%2Fmedia&parent=59253"}],"wp:term":[{"taxonomy":"category","embeddable":true,"href":"https:\/\/zonaroja.com.mx\/index.php?rest_route=%2Fwp%2Fv2%2Fcategories&post=59253"},{"taxonomy":"post_tag","embeddable":true,"href":"https:\/\/zonaroja.com.mx\/index.php?rest_route=%2Fwp%2Fv2%2Ftags&post=59253"}],"curies":[{"name":"wp","href":"https:\/\/api.w.org\/{rel}","templated":true}]}}