{"id":59260,"date":"2023-08-29T19:48:20","date_gmt":"2023-08-30T00:48:20","guid":{"rendered":"http:\/\/www.zonaroja.com.mx\/?p=59260"},"modified":"2023-08-29T19:48:22","modified_gmt":"2023-08-30T00:48:22","slug":"denuncian-despidos-masivos-e-injustificados-en-utvco-por-crear-sindicato","status":"publish","type":"post","link":"https:\/\/zonaroja.com.mx\/?p=59260","title":{"rendered":"Denuncian despidos masivos e injustificados en UTVCO por crear sindicato"},"content":{"rendered":"\n<p>Yuridiana Sosa\/Zona Roja.<\/p>\n\n\n\n<p>Oaxaca de Ju\u00e1rez, Oax., a 29 de agosto de 2023.- Personal docente, administrativo y de servicios generales de la Universidad Tecnol\u00f3gica de los Valles Centrales de Oaxaca (UTVCO), que dirige Tania L\u00f3pez L\u00f3pez, fueron despedidos por integrar el Sindicato de Trabajadores de Educaci\u00f3n Superior del Estado de Oaxaca (Sotedsu).<\/p>\n\n\n\n<p>Los 16 afectados, acompa\u00f1ados de alumnos y compa\u00f1eros, se manifestaron este martes en el interior del plantel ubicado en el municipio de San Pablo Huixtepec, tras el anuncio de forma verbal e informal por parte del abogado de la instituci\u00f3n, Wilbert Prudente, sobre la rescisi\u00f3n de su contrato.<\/p>\n\n\n\n<p>Docentes y personal de diversas \u00e1reas acad\u00e9micas, administrativas y servicios generales, con cinco, siete, 10 y hasta 14 a\u00f1os de antig\u00fcedad laboral, denunciaron que se trata de una decisi\u00f3n injustificada y en represi\u00f3n a la libre asociaci\u00f3n en defensa de sus derechos laborales.<\/p>\n\n\n\n<p>\u201cCon estos actos hostiles se demuestra que la administraci\u00f3n de Tania L\u00f3pez L\u00f3pez no est\u00e1 comprometida con los principios de no mentir, no robar y no traicionar al pueblo\u201d, destac\u00f3 el Comit\u00e9 Sindical.<\/p>\n\n\n\n<p>Desde la llegada de L\u00f3pez L\u00f3pez, en diciembre, su administraci\u00f3n se prometi\u00f3 con los trabajadores a cambios a favor de la educaci\u00f3n, pero hasta el momento, \u201cse ha mostrado que la primavera laboral a\u00fan no ha llegado a nuestra universidad\u201d, reclamaron.<\/p>\n\n\n\n<p>\u201cFuera Tania L\u00f3pez\u201d, \u201cNo a los despidos injustificados\u201d, \u201cRespaldo a los despedidos\u201d, \u201cRespeto a los derechos laborales\u201d, \u201cQui\u00e9n nos dar\u00e1 clases de calidad su despiden a docentes con mayor preparaci\u00f3n\u201d, fueron parte de la denuncia colectiva en pancartas durante el recorrido que realizaron los afectados por los pasillos de la instituci\u00f3n.<\/p>\n\n\n\n<figure class=\"wp-block-embed is-type-rich is-provider-twitter wp-block-embed-twitter\"><div class=\"wp-block-embed__wrapper\">\n<div class=\"twitter-tweet\"><blockquote class=\"twitter-tweet\" data-lang=\"es\"><p lang=\"es\" dir=\"ltr\">Lamentable, una instituci\u00f3n que ya hab\u00eda ganado prestigio se echa a perder de esta forma. <a href=\"https:\/\/t.co\/YPzYZ1lUiR\">https:\/\/t.co\/YPzYZ1lUiR<\/a><\/p>&mdash; Yadira SOSA (@ysosaa) <a href=\"https:\/\/twitter.com\/ysosaa\/status\/1696617373745418635?ref_src=twsrc%5Etfw\">29 de agosto de 2023<\/a><\/blockquote><\/div>\n<\/div><\/figure>\n","protected":false},"excerpt":{"rendered":"<p>Yuridiana Sosa\/Zona Roja. Oaxaca de Ju\u00e1rez, Oax., a 29 de agosto de 2023.- Personal docente,&hellip;<\/p>\n","protected":false},"author":2,"featured_media":59261,"comment_status":"closed","ping_status":"open","sticky":false,"template":"","format":"standard","meta":{"_lmt_disableupdate":"","_lmt_disable":"","_jetpack_memberships_contains_paid_content":false,"footnotes":""},"categories":[109,47],"tags":[3663],"class_list":["post-59260","post","type-post","status-publish","format-standard","has-post-thumbnail","hentry","category-minuto-a-minuto","category-zona-gris","tag-universidad-tecnologica-de-los-valles-centrales-utvco"],"jetpack_featured_media_url":"https:\/\/zonaroja.com.mx\/wp-content\/uploads\/2023\/08\/Protesta-UTVCO.jpg","jetpack_sharing_enabled":true,"_links":{"self":[{"href":"https:\/\/zonaroja.com.mx\/index.php?rest_route=\/wp\/v2\/posts\/59260","targetHints":{"allow":["GET"]}}],"collection":[{"href":"https:\/\/zonaroja.com.mx\/index.php?rest_route=\/wp\/v2\/posts"}],"about":[{"href":"https:\/\/zonaroja.com.mx\/index.php?rest_route=\/wp\/v2\/types\/post"}],"author":[{"embeddable":true,"href":"https:\/\/zonaroja.com.mx\/index.php?rest_route=\/wp\/v2\/users\/2"}],"replies":[{"embeddable":true,"href":"https:\/\/zonaroja.com.mx\/index.php?rest_route=%2Fwp%2Fv2%2Fcomments&post=59260"}],"version-history":[{"count":1,"href":"https:\/\/zonaroja.com.mx\/index.php?rest_route=\/wp\/v2\/posts\/59260\/revisions"}],"predecessor-version":[{"id":59262,"href":"https:\/\/zonaroja.com.mx\/index.php?rest_route=\/wp\/v2\/posts\/59260\/revisions\/59262"}],"wp:featuredmedia":[{"embeddable":true,"href":"https:\/\/zonaroja.com.mx\/index.php?rest_route=\/wp\/v2\/media\/59261"}],"wp:attachment":[{"href":"https:\/\/zonaroja.com.mx\/index.php?rest_route=%2Fwp%2Fv2%2Fmedia&parent=59260"}],"wp:term":[{"taxonomy":"category","embeddable":true,"href":"https:\/\/zonaroja.com.mx\/index.php?rest_route=%2Fwp%2Fv2%2Fcategories&post=59260"},{"taxonomy":"post_tag","embeddable":true,"href":"https:\/\/zonaroja.com.mx\/index.php?rest_route=%2Fwp%2Fv2%2Ftags&post=59260"}],"curies":[{"name":"wp","href":"https:\/\/api.w.org\/{rel}","templated":true}]}}