{"id":59263,"date":"2023-08-29T20:56:14","date_gmt":"2023-08-30T01:56:14","guid":{"rendered":"http:\/\/www.zonaroja.com.mx\/?p=59263"},"modified":"2023-08-29T22:07:10","modified_gmt":"2023-08-30T03:07:10","slug":"arma-berrinche-dirigente-de-morena-oaxaca-en-la-costa","status":"publish","type":"post","link":"https:\/\/zonaroja.com.mx\/?p=59263","title":{"rendered":"Arma berrinche dirigente de Morena Oaxaca en la Costa"},"content":{"rendered":"\n<p>Yuridiana Sosa\/Zona Roja<\/p>\n\n\n\n<p>Oaxaca de Ju\u00e1rez, Oax., a 29 de agosto de 2023.- Sin porte, ni figura, pero s\u00ed con notable inexperiencia, el dirigente estatal de Morena, Benjam\u00edn Viveros, protagoniz\u00f3 discusi\u00f3n con militantes en la regi\u00f3n de la Costa, de quienes se despidi\u00f3 con amenazas.<\/p>\n\n\n\n<p>Su vista a Camotinch\u00e1n, San Sebasti\u00e1n Ixcapa, en la regi\u00f3n de la Costa, para reunirse con la militancia y preparar el terreno electoral, termin\u00f3 sin \u00e9xito tras una acalorada discusi\u00f3n \u201cbanquetera\u201d, en la que en lugar de abonar a mantener la unidad atiz\u00f3 las diferencias.<\/p>\n\n\n\n<p>Los morenistas le reclamaron airadamente su exclusi\u00f3n y decisiones cupulares, de las que apenas se pudo defender rodeado de mujeres y hombres molestos, que entre los reclamos resaltaron que Viveros los hab\u00eda corrido de una reuni\u00f3n y no los quer\u00eda volver a ver.<\/p>\n\n\n\n<p>En un video se muestra el desagradable encuentro de la militancia y su dirigencia, que apenas y pudo hablar.<\/p>\n\n\n\n<p>\u201cT\u00fa est\u00e1s corriendo a todos los que somos la democracia del pueblo de Camotinchan\u201d, le reclam\u00f3 un ciudadano.<\/p>\n\n\n\n<p>El dirigente neg\u00f3 la acusaci\u00f3n pero el resto de los ciudadanos sostuvieron esa versi\u00f3n.<\/p>\n\n\n\n<p>-Usted qu\u00e9 dijo, que no le quer\u00eda ver para la pr\u00f3xima reuni\u00f3n.<\/p>\n\n\n\n<p>-Tampoco voy a aguantar todo lo que me grite-, respondi\u00f3 Viveros.<\/p>\n\n\n\n<p>-Por qu\u00e9 anda aqu\u00ed (en la pol\u00edtica) si no va a aguantar entonces-, se\u00f1al\u00f3 otro militante.<\/p>\n\n\n\n<p>Para defenderse, Benjam\u00edn Viveros trat\u00f3 de usar otras estrategias, como tratar de avergonzarlos por el trato que le daban como visitante a su municipio, cuando deb\u00eda prevalecer el respeto.<\/p>\n\n\n\n<p>Pero al ver que no daba resultados, agreg\u00f3: \u201cAs\u00ed los hubiera querido escuchar cuando vino Alejandro Murat con el otro candidato, pero est\u00e1n calladitos\u201d.<\/p>\n\n\n\n<p>Los militantes pasaron por alto su argumento y continuaron la discusi\u00f3n sobre supuestas imposiciones a las que Vivieros primero dijo que \u00e9l no pod\u00eda hacer nada.<\/p>\n\n\n\n<p>Despu\u00e9s, volvi\u00f3 a repetir: \u201cNo me gusta que me griten\u201d y advirti\u00f3 que si se filtraba un video de ese momento en las redes sociales tomar\u00eda acciones.<\/p>\n\n\n\n<p>Minutos antes de retirarse, Benjam\u00edn Viveros se\u00f1al\u00f3 que en ese municipio \u00e9l desconoci\u00f3 a cualquier Comit\u00e9 Municipal que existiera.<\/p>\n\n\n\n<p>\u201cYo vengo a nombrarlos personalmente y no necesito de ning\u00fan representante porque yo tengo esa facultad\u201d y sin decir otra cosa agreg\u00f3: \u201cMe disculpan, nos vemos\u201d y desde la puerta de su camioneta grit\u00f3 \u201c Eso s\u00ed, si ando a las redes, que desconoc\u00ed a todos, eso s\u00ed quiero que lo suban\u201d.<\/p>\n","protected":false},"excerpt":{"rendered":"<p>Yuridiana Sosa\/Zona Roja Oaxaca de Ju\u00e1rez, Oax., a 29 de agosto de 2023.- Sin porte,&hellip;<\/p>\n","protected":false},"author":2,"featured_media":59265,"comment_status":"closed","ping_status":"open","sticky":false,"template":"","format":"standard","meta":{"_lmt_disableupdate":"","_lmt_disable":"","_jetpack_memberships_contains_paid_content":false,"footnotes":""},"categories":[109,47],"tags":[3664],"class_list":["post-59263","post","type-post","status-publish","format-standard","has-post-thumbnail","hentry","category-minuto-a-minuto","category-zona-gris","tag-benjamin-viveros-montalvo"],"jetpack_featured_media_url":"https:\/\/zonaroja.com.mx\/wp-content\/uploads\/2023\/08\/Benjamin-Viveros-Morena-Oaxaca.jpg","jetpack_sharing_enabled":true,"_links":{"self":[{"href":"https:\/\/zonaroja.com.mx\/index.php?rest_route=\/wp\/v2\/posts\/59263","targetHints":{"allow":["GET"]}}],"collection":[{"href":"https:\/\/zonaroja.com.mx\/index.php?rest_route=\/wp\/v2\/posts"}],"about":[{"href":"https:\/\/zonaroja.com.mx\/index.php?rest_route=\/wp\/v2\/types\/post"}],"author":[{"embeddable":true,"href":"https:\/\/zonaroja.com.mx\/index.php?rest_route=\/wp\/v2\/users\/2"}],"replies":[{"embeddable":true,"href":"https:\/\/zonaroja.com.mx\/index.php?rest_route=%2Fwp%2Fv2%2Fcomments&post=59263"}],"version-history":[{"count":1,"href":"https:\/\/zonaroja.com.mx\/index.php?rest_route=\/wp\/v2\/posts\/59263\/revisions"}],"predecessor-version":[{"id":59266,"href":"https:\/\/zonaroja.com.mx\/index.php?rest_route=\/wp\/v2\/posts\/59263\/revisions\/59266"}],"wp:featuredmedia":[{"embeddable":true,"href":"https:\/\/zonaroja.com.mx\/index.php?rest_route=\/wp\/v2\/media\/59265"}],"wp:attachment":[{"href":"https:\/\/zonaroja.com.mx\/index.php?rest_route=%2Fwp%2Fv2%2Fmedia&parent=59263"}],"wp:term":[{"taxonomy":"category","embeddable":true,"href":"https:\/\/zonaroja.com.mx\/index.php?rest_route=%2Fwp%2Fv2%2Fcategories&post=59263"},{"taxonomy":"post_tag","embeddable":true,"href":"https:\/\/zonaroja.com.mx\/index.php?rest_route=%2Fwp%2Fv2%2Ftags&post=59263"}],"curies":[{"name":"wp","href":"https:\/\/api.w.org\/{rel}","templated":true}]}}