{"id":59267,"date":"2023-08-29T22:06:27","date_gmt":"2023-08-30T03:06:27","guid":{"rendered":"http:\/\/www.zonaroja.com.mx\/?p=59267"},"modified":"2023-08-29T22:06:29","modified_gmt":"2023-08-30T03:06:29","slug":"la-ejecucion-del-dia-en-oaxaca-ocurrio-en-miahuatlan-de-porfirio-diaz","status":"publish","type":"post","link":"https:\/\/zonaroja.com.mx\/?p=59267","title":{"rendered":"La ejecuci\u00f3n del d\u00eda en Oaxaca ocurri\u00f3 en Miahuatl\u00e1n de Porfirio D\u00edaz"},"content":{"rendered":"\n<p>Redacci\u00f3n\/Zona Roja.<\/p>\n\n\n\n<p>Oaxaca de Ju\u00e1rez, Oax., a 29 de agosto de 2023.- Una persona del sexo masculino fue torturada, ejecutada a balazos y maniatada, cuyo cuerpo fue arrojado a las orillas de Miahuatl\u00e1n de Porfirio D\u00edaz, municipio de la regi\u00f3n Sierra Sur de Oaxaca.<\/p>\n\n\n\n<p>Fue en el camino que comunica a la localidad de San Jos\u00e9 del Pe\u00f1asco, a la altura de la colonia La Esperanza, en que corporaciones policiacas localizaron el cad\u00e1ver.<\/p>\n\n\n\n<p>A un costado se hall\u00f3 un mensaje en una cartulina, en que escribieron una lista de nombres y apodos de quienes probablemente asesinar\u00edan.<\/p>\n\n\n\n<p>Hasta esta noche, la v\u00edctima a\u00fan no ha sido identificada y personal de la Fiscal\u00eda General del Estado de Oaxaca inici\u00f3 las indagatorias correspondientes para dar con el paradero del o de los criminales.<\/p>\n","protected":false},"excerpt":{"rendered":"<p>Redacci\u00f3n\/Zona Roja. Oaxaca de Ju\u00e1rez, Oax., a 29 de agosto de 2023.- Una persona del&hellip;<\/p>\n","protected":false},"author":2,"featured_media":59264,"comment_status":"closed","ping_status":"open","sticky":false,"template":"","format":"standard","meta":{"_lmt_disableupdate":"","_lmt_disable":"","_jetpack_memberships_contains_paid_content":false,"footnotes":""},"categories":[109,51],"tags":[169],"class_list":["post-59267","post","type-post","status-publish","format-standard","has-post-thumbnail","hentry","category-minuto-a-minuto","category-zona-roja","tag-miahuatlan-de-porfirio-diaz"],"jetpack_featured_media_url":"https:\/\/zonaroja.com.mx\/wp-content\/uploads\/2023\/08\/Ejecutado-a-balazos-Miahuatlan.jpg","jetpack_sharing_enabled":true,"_links":{"self":[{"href":"https:\/\/zonaroja.com.mx\/index.php?rest_route=\/wp\/v2\/posts\/59267","targetHints":{"allow":["GET"]}}],"collection":[{"href":"https:\/\/zonaroja.com.mx\/index.php?rest_route=\/wp\/v2\/posts"}],"about":[{"href":"https:\/\/zonaroja.com.mx\/index.php?rest_route=\/wp\/v2\/types\/post"}],"author":[{"embeddable":true,"href":"https:\/\/zonaroja.com.mx\/index.php?rest_route=\/wp\/v2\/users\/2"}],"replies":[{"embeddable":true,"href":"https:\/\/zonaroja.com.mx\/index.php?rest_route=%2Fwp%2Fv2%2Fcomments&post=59267"}],"version-history":[{"count":1,"href":"https:\/\/zonaroja.com.mx\/index.php?rest_route=\/wp\/v2\/posts\/59267\/revisions"}],"predecessor-version":[{"id":59268,"href":"https:\/\/zonaroja.com.mx\/index.php?rest_route=\/wp\/v2\/posts\/59267\/revisions\/59268"}],"wp:featuredmedia":[{"embeddable":true,"href":"https:\/\/zonaroja.com.mx\/index.php?rest_route=\/wp\/v2\/media\/59264"}],"wp:attachment":[{"href":"https:\/\/zonaroja.com.mx\/index.php?rest_route=%2Fwp%2Fv2%2Fmedia&parent=59267"}],"wp:term":[{"taxonomy":"category","embeddable":true,"href":"https:\/\/zonaroja.com.mx\/index.php?rest_route=%2Fwp%2Fv2%2Fcategories&post=59267"},{"taxonomy":"post_tag","embeddable":true,"href":"https:\/\/zonaroja.com.mx\/index.php?rest_route=%2Fwp%2Fv2%2Ftags&post=59267"}],"curies":[{"name":"wp","href":"https:\/\/api.w.org\/{rel}","templated":true}]}}