{"id":59289,"date":"2023-08-30T13:27:00","date_gmt":"2023-08-30T18:27:00","guid":{"rendered":"http:\/\/www.zonaroja.com.mx\/?p=59289"},"modified":"2023-08-30T08:31:54","modified_gmt":"2023-08-30T13:31:54","slug":"registra-oaxaca-4426-personas-desaparecidas-desde-2011-siguen-ausentes-536","status":"publish","type":"post","link":"https:\/\/zonaroja.com.mx\/?p=59289","title":{"rendered":"Registra Oaxaca 4,426 personas desaparecidas desde 2011; siguen ausentes 536"},"content":{"rendered":"\n<p>Redacci\u00f3n\/Zona Roja. &nbsp;<\/p>\n\n\n\n<p>Oaxaca de Ju\u00e1rez, Oax., a 30 de agosto de 2023.-&nbsp; En el marco del D\u00eda Internacional de las Personas V\u00edctimas de Desaparici\u00f3n Forzada, el fiscal General del Estado, Bernardo Rodr\u00edguez Alamilla reconoci\u00f3 la lucha de v\u00edctimas indirectas de este delito, y reafirm\u00f3 su compromiso de redoblar esfuerzos en materia de procuraci\u00f3n de justicia, a trav\u00e9s de un di\u00e1logo permanente con familiares y colectivos.<\/p>\n\n\n\n<p>En este contexto, Rodr\u00edguez Alamilla sign\u00f3 un convenio de colaboraci\u00f3n de manera conjunta con la Coordinaci\u00f3n para la Atenci\u00f3n a los Derechos Humanos del Poder Ejecutivo (CADH), con la Coordinaci\u00f3n General de Comunicaci\u00f3n Social, que permitir\u00e1 reforzar las acciones de b\u00fasqueda y localizaci\u00f3n de personas desaparecidas.<\/p>\n\n\n\n<p>As\u00ed tambi\u00e9n, el Gobernador del Estado, Salom\u00f3n Jara Cruz, y el secretario de Gobierno, Jes\u00fas Romero L\u00f3pez, entablaron una conversaci\u00f3n directa con familiares de v\u00edctimas de desaparici\u00f3n forzada, a trav\u00e9s del cual reiteraron el compromiso de reestructurar el sistema estatal de b\u00fasqueda.<\/p>\n\n\n\n<p>En el acto protocolario en el que estuvieron presentes colectivos de b\u00fasqueda de personas, as\u00ed como la titular de la CADH, Flor Estela Morales L\u00f3pez; el Secretario de Seguridad P\u00fablica y Protecci\u00f3n Ciudadana, Iv\u00e1n Garc\u00eda \u00c1lvarez; la Secretaria Ejecutiva del Sistema Estatal de Seguridad P\u00fablica, Karina Bar\u00f3n; el Oficial de Derechos Humanos de la Oficina del Alto Comisionado de las Naciones Unidas, Andr\u00e9s D\u00edaz Fern\u00e1ndez; la Coordinadora General de Comunicaci\u00f3n Social y Vocer\u00eda del Gobierno del Estado; Elizabeth \u00c1lvarez Acosta; el Fiscal General reiter\u00f3 que la suma de esfuerzos permitir\u00e1 atender de manera integral la problem\u00e1tica.<\/p>\n\n\n\n<figure class=\"wp-block-embed is-type-rich is-provider-twitter wp-block-embed-twitter\"><div class=\"wp-block-embed__wrapper\">\n<div class=\"twitter-tweet\"><blockquote class=\"twitter-tweet\" data-lang=\"es\"><p lang=\"es\" dir=\"ltr\">El <a href=\"https:\/\/twitter.com\/GobOax?ref_src=twsrc%5Etfw\">@goboax<\/a> conmemora el D\u00eda Internacional de las Personas V\u00edctimas de Desaparici\u00f3n Forzada.<br>Acuden titulares de diversas dependencias estatales, como <a href=\"https:\/\/twitter.com\/KarinaBaronO?ref_src=twsrc%5Etfw\">@KarinaBaronO<\/a> del <a href=\"https:\/\/twitter.com\/SESESP_GobOax?ref_src=twsrc%5Etfw\">@SESESP_GobOax<\/a>, ademas del delegado de la <a href=\"https:\/\/twitter.com\/SEGOB_mx?ref_src=twsrc%5Etfw\">@SEGOB_mx<\/a>, <a href=\"https:\/\/twitter.com\/JoseCarlosFO?ref_src=twsrc%5Etfw\">@JoseCarlosFO<\/a>.<br>Este es el mensaje inicial que dio el\u2026 <a href=\"https:\/\/t.co\/oUKb4Ikvfq\">pic.twitter.com\/oUKb4Ikvfq<\/a><\/p>&mdash; Zona Roja Oaxaca (@ZonaRoja_Oaxaca) <a href=\"https:\/\/twitter.com\/ZonaRoja_Oaxaca\/status\/1696556011060974032?ref_src=twsrc%5Etfw\">29 de agosto de 2023<\/a><\/blockquote><\/div>\n<\/div><\/figure>\n\n\n\n<p>\u201cEl elevado n\u00famero de personas desaparecidas en nuestro pa\u00eds es uno de los mayores retos a los que se enfrenta el Estado mexicano, lo cual, sin lugar a dudas, obliga a las diferentes instituciones encargadas de atender el fen\u00f3meno a redoblar esfuerzos tanto para prevenir estos hechos y dar resultados en las labores de b\u00fasqueda y localizaci\u00f3n de personas\u201d, destac\u00f3.<\/p>\n\n\n\n<p>Abund\u00f3 que, desde la creaci\u00f3n de la Unidad de B\u00fasqueda de Personas No Localizadas,&nbsp; en 2011 y de la Unidad Especializada en Desaparici\u00f3n Forzada, en 2017, la Fiscal\u00eda General del Estado de Oaxaca, ha tomado conocimiento de cuatro mil 426 casos de personas reportadas como desaparecidas o No Localizadas, de las cuales se ha logrado la ubicaci\u00f3n de tres mil 890; de las cuales tres mil 826 aparecieron con vida, quedando pendiente por localizar 536 personas.<\/p>\n\n\n\n<p>Acompa\u00f1ado de la Vicefiscal General de Atenci\u00f3n a V\u00edctimas y a la Sociedad de la FGEO, Michel Juli\u00e1n L\u00f3pez; Rodr\u00edguez Alamilla apunt\u00f3 que, para atender la problem\u00e1tica, desde la instituci\u00f3n se fortalece esta \u00e1rea encargada de atender la desaparici\u00f3n y no localizaci\u00f3n de personas.<\/p>\n\n\n\n<p>As\u00ed tambi\u00e9n, reconoci\u00f3 la apertura y suma de esfuerzos de la Coordinaci\u00f3n de Comunicaci\u00f3n Social en las acciones de b\u00fasqueda, pues esto permite ser mucho m\u00e1s \u00e1giles y eficientes en la localizaci\u00f3n de personas.<\/p>\n\n\n\n<p>En el marco de las actividades de conmemoraci\u00f3n del D\u00eda Internacional de Personas V\u00edctimas de Desaparici\u00f3n Forzada, se llev\u00f3 a cabo la conferencia magistral \u201cContexto de las desapariciones de personas en M\u00e9xico\u201d, por parte del doctor Carlos Mart\u00edn Beristain; as\u00ed como el Conversatorio \u201cRetos y Desaf\u00edos en las B\u00fasquedas\u201d, y la ponencia de Fabiola Isabel Campos Andrade sobre \u201cLas adversidades en busca de verdad y justicia\u201d.<\/p>\n","protected":false},"excerpt":{"rendered":"<p>Redacci\u00f3n\/Zona Roja. &nbsp; Oaxaca de Ju\u00e1rez, Oax., a 30 de agosto de 2023.-&nbsp; En el&hellip;<\/p>\n","protected":false},"author":2,"featured_media":59290,"comment_status":"closed","ping_status":"open","sticky":false,"template":"","format":"standard","meta":{"_lmt_disableupdate":"","_lmt_disable":"","_jetpack_memberships_contains_paid_content":false,"footnotes":""},"categories":[109,46],"tags":[494],"class_list":["post-59289","post","type-post","status-publish","format-standard","has-post-thumbnail","hentry","category-minuto-a-minuto","category-zona-blanca","tag-fiscalia-general-del-estado-de-oaxaca"],"jetpack_featured_media_url":"https:\/\/zonaroja.com.mx\/wp-content\/uploads\/2023\/08\/29-agosto-Dialogo-con-familiares-de-personas-desaparecidas-fortalece-procesos-de-busqueda-y-localizacion-2.jpeg","jetpack_sharing_enabled":true,"_links":{"self":[{"href":"https:\/\/zonaroja.com.mx\/index.php?rest_route=\/wp\/v2\/posts\/59289","targetHints":{"allow":["GET"]}}],"collection":[{"href":"https:\/\/zonaroja.com.mx\/index.php?rest_route=\/wp\/v2\/posts"}],"about":[{"href":"https:\/\/zonaroja.com.mx\/index.php?rest_route=\/wp\/v2\/types\/post"}],"author":[{"embeddable":true,"href":"https:\/\/zonaroja.com.mx\/index.php?rest_route=\/wp\/v2\/users\/2"}],"replies":[{"embeddable":true,"href":"https:\/\/zonaroja.com.mx\/index.php?rest_route=%2Fwp%2Fv2%2Fcomments&post=59289"}],"version-history":[{"count":1,"href":"https:\/\/zonaroja.com.mx\/index.php?rest_route=\/wp\/v2\/posts\/59289\/revisions"}],"predecessor-version":[{"id":59291,"href":"https:\/\/zonaroja.com.mx\/index.php?rest_route=\/wp\/v2\/posts\/59289\/revisions\/59291"}],"wp:featuredmedia":[{"embeddable":true,"href":"https:\/\/zonaroja.com.mx\/index.php?rest_route=\/wp\/v2\/media\/59290"}],"wp:attachment":[{"href":"https:\/\/zonaroja.com.mx\/index.php?rest_route=%2Fwp%2Fv2%2Fmedia&parent=59289"}],"wp:term":[{"taxonomy":"category","embeddable":true,"href":"https:\/\/zonaroja.com.mx\/index.php?rest_route=%2Fwp%2Fv2%2Fcategories&post=59289"},{"taxonomy":"post_tag","embeddable":true,"href":"https:\/\/zonaroja.com.mx\/index.php?rest_route=%2Fwp%2Fv2%2Ftags&post=59289"}],"curies":[{"name":"wp","href":"https:\/\/api.w.org\/{rel}","templated":true}]}}