{"id":59292,"date":"2023-08-30T17:35:00","date_gmt":"2023-08-30T22:35:00","guid":{"rendered":"http:\/\/www.zonaroja.com.mx\/?p=59292"},"modified":"2023-08-30T08:55:25","modified_gmt":"2023-08-30T13:55:25","slug":"hallan-93-tumbas-de-menores-cerca-de-internado-en-canada","status":"publish","type":"post","link":"https:\/\/zonaroja.com.mx\/?p=59292","title":{"rendered":"Hallan 93 tumbas de menores cerca de internado en Canad\u00e1"},"content":{"rendered":"\n<p>Redacci\u00f3n\/Zona Roja Cdmx.<\/p>\n\n\n\n<p>Ciudad de M\u00e9xico, a 30 de agosto de 2023.- Una comunidad ind\u00edgena en el oeste de Canad\u00e1 descubri\u00f3 al menos 93 presuntas tumbas an\u00f3nimas de ni\u00f1os y beb\u00e9s cerca del sitio donde operaba un antiguo internado, dijeron funcionarios el martes.<\/p>\n\n\n\n<p>Desde 2021, comunidades en todo el pa\u00eds han registrado m\u00e1s de mil 300 tumbas an\u00f3nimas cerca de instituciones educativas religiosas que acogieron a ni\u00f1os ind\u00edgenas por m\u00e1s de un siglo, como parte de una pol\u00edtica canadiense de asimilaci\u00f3n forzada.<\/p>\n\n\n\n<p>\u00abLo que hallamos fue desgarrador y devastador. Hasta la fecha, hay 93 posibles tumbas an\u00f3nimas, 79 ni\u00f1os y 14 beb\u00e9s\u00bb,&nbsp;dijo en conferencia de prensa Jenny Wolverine, jefa del grupo ind\u00edgena de la Primera Naci\u00f3n de English River.<\/p>\n\n\n\n<p>El hallazgo se dio cerca el lugar donde quedaba el internado de Beauval, en la provincia de Saskatchewan, que fue demolido por ex alumnos tras su cierre en 1995, seg\u00fan la Universidad de Regina.<\/p>\n\n\n\n<p>Entre finales del siglo XIX y mediados de la d\u00e9cada de 1990, unos 150 mil ni\u00f1os ind\u00edgenas fueron forzados a ingresar a 139 internados en todo Canad\u00e1, aislados de su familia, su idioma y su cultura.<\/p>\n\n\n\n<p>Esta p\u00e1gina oscura de la historia canadiense volvi\u00f3 a llamar la atenci\u00f3n con el descubrimiento de las primeras tumbas de ni\u00f1os, en la primavera de 2021, lo que provoc\u00f3 una revisi\u00f3n de la historia colonial del pa\u00eds.<\/p>\n\n\n\n<p>Administradas por la Iglesia cat\u00f3lica y el gobierno canadiense, los internados ten\u00edan el objetivo expl\u00edcito de \u00abmatar al indio\u00bb que habitaba en el coraz\u00f3n del ni\u00f1o.<\/p>\n\n\n\n<p>En abril de 2022, el papa Francisco se disculp\u00f3 ante una delegaci\u00f3n de ind\u00edgenas canadienses en el Vaticano, previo a su visita oficial al pa\u00eds.<\/p>\n\n\n\n<p>(Informaci\u00f3n de la agencia AFP en \u201cMilenio\u201d)<\/p>\n","protected":false},"excerpt":{"rendered":"<p>Redacci\u00f3n\/Zona Roja Cdmx. Ciudad de M\u00e9xico, a 30 de agosto de 2023.- Una comunidad ind\u00edgena&hellip;<\/p>\n","protected":false},"author":2,"featured_media":59294,"comment_status":"closed","ping_status":"open","sticky":false,"template":"","format":"standard","meta":{"_lmt_disableupdate":"","_lmt_disable":"","_jetpack_memberships_contains_paid_content":false,"footnotes":""},"categories":[109,47],"tags":[],"class_list":["post-59292","post","type-post","status-publish","format-standard","has-post-thumbnail","hentry","category-minuto-a-minuto","category-zona-gris"],"jetpack_featured_media_url":"https:\/\/zonaroja.com.mx\/wp-content\/uploads\/2023\/08\/Tumnas-fosas-clandestinas-restos-oseos-1.jpeg","jetpack_sharing_enabled":true,"_links":{"self":[{"href":"https:\/\/zonaroja.com.mx\/index.php?rest_route=\/wp\/v2\/posts\/59292","targetHints":{"allow":["GET"]}}],"collection":[{"href":"https:\/\/zonaroja.com.mx\/index.php?rest_route=\/wp\/v2\/posts"}],"about":[{"href":"https:\/\/zonaroja.com.mx\/index.php?rest_route=\/wp\/v2\/types\/post"}],"author":[{"embeddable":true,"href":"https:\/\/zonaroja.com.mx\/index.php?rest_route=\/wp\/v2\/users\/2"}],"replies":[{"embeddable":true,"href":"https:\/\/zonaroja.com.mx\/index.php?rest_route=%2Fwp%2Fv2%2Fcomments&post=59292"}],"version-history":[{"count":1,"href":"https:\/\/zonaroja.com.mx\/index.php?rest_route=\/wp\/v2\/posts\/59292\/revisions"}],"predecessor-version":[{"id":59295,"href":"https:\/\/zonaroja.com.mx\/index.php?rest_route=\/wp\/v2\/posts\/59292\/revisions\/59295"}],"wp:featuredmedia":[{"embeddable":true,"href":"https:\/\/zonaroja.com.mx\/index.php?rest_route=\/wp\/v2\/media\/59294"}],"wp:attachment":[{"href":"https:\/\/zonaroja.com.mx\/index.php?rest_route=%2Fwp%2Fv2%2Fmedia&parent=59292"}],"wp:term":[{"taxonomy":"category","embeddable":true,"href":"https:\/\/zonaroja.com.mx\/index.php?rest_route=%2Fwp%2Fv2%2Fcategories&post=59292"},{"taxonomy":"post_tag","embeddable":true,"href":"https:\/\/zonaroja.com.mx\/index.php?rest_route=%2Fwp%2Fv2%2Ftags&post=59292"}],"curies":[{"name":"wp","href":"https:\/\/api.w.org\/{rel}","templated":true}]}}