{"id":59304,"date":"2023-08-30T19:31:42","date_gmt":"2023-08-31T00:31:42","guid":{"rendered":"http:\/\/www.zonaroja.com.mx\/?p=59304"},"modified":"2023-08-30T19:31:44","modified_gmt":"2023-08-31T00:31:44","slug":"autoriza-el-instituto-electoral-de-oaxaca-nuevo-partido-politico","status":"publish","type":"post","link":"https:\/\/zonaroja.com.mx\/?p=59304","title":{"rendered":"Autoriza el Instituto Electoral de Oaxaca nuevo partido pol\u00edtico"},"content":{"rendered":"\n<p>Redacci\u00f3n\/Zona Roja.<\/p>\n\n\n\n<p>Oaxaca de Ju\u00e1rez, Oax., a 30 de agosto de 2023.- El Consejo General del Instituto Estatal Electoral y de Participaci\u00f3n Ciudadana de Oaxaca (IEEPCO), celebr\u00f3 sesi\u00f3n extraordinaria para aprobar la solicitud de registro como Partido Pol\u00edtico Local presentada por la organizaci\u00f3n ciudadana denominada \u201cUnidad Oaxaque\u00f1a de Desarrollo Integral A.C.\u201d bajo la denominaci\u00f3n de Partido Movimiento Unificador de J\u00f3venes en el Estado y sus Regiones (MUJER).&nbsp;<\/p>\n\n\n\n<p>El m\u00e1ximo \u00f3rgano de direcci\u00f3n, tambi\u00e9n aprob\u00f3 la redistribuci\u00f3n del financiamiento p\u00fablico local correspondiente a los meses de septiembre a diciembre de 2023, en raz\u00f3n del registro del Partido Movimiento Unificador de J\u00f3venes en el Estado y sus Regiones.&nbsp;<\/p>\n\n\n\n<p>Durante la sesi\u00f3n, tambi\u00e9n se aprobaron los lineamientos de candidaturas independientes y candidaturas independientes ind\u00edgenas y afromexicanas del IEEPCO, as\u00ed como el reglamento para la designaci\u00f3n, sustituci\u00f3n y remoci\u00f3n de las personas integrantes de los Consejo Distritales y Municipales Electorales del IEEPCO.&nbsp;<\/p>\n\n\n\n<p>En la misma sesi\u00f3n se validaron los lineamientos para la recepci\u00f3n, tr\u00e1mite, aprobaci\u00f3n y acreditaci\u00f3n de las solicitudes que se presenten para participar en la observaci\u00f3n electoral en el Proceso Electoral Concurrente 2023-2024, en el Estado de Oaxaca.&nbsp;<\/p>\n\n\n\n<p>Finalmente, tambi\u00e9n se aprobaron los procedimientos de verificaci\u00f3n trianual del padr\u00f3n de afiliados de los Partidos Pol\u00edticos Fuerza por M\u00e9xico Oaxaca y Nueva Alianza Oaxaca, para la conservaci\u00f3n de sus registros.&nbsp;<\/p>\n","protected":false},"excerpt":{"rendered":"<p>Redacci\u00f3n\/Zona Roja. Oaxaca de Ju\u00e1rez, Oax., a 30 de agosto de 2023.- El Consejo General&hellip;<\/p>\n","protected":false},"author":2,"featured_media":59305,"comment_status":"closed","ping_status":"open","sticky":false,"template":"","format":"standard","meta":{"_lmt_disableupdate":"","_lmt_disable":"","_jetpack_memberships_contains_paid_content":false,"footnotes":""},"categories":[109,46],"tags":[2932],"class_list":["post-59304","post","type-post","status-publish","format-standard","has-post-thumbnail","hentry","category-minuto-a-minuto","category-zona-blanca","tag-instituto-estatal-electoral-y-de-participacion-ciudadana-de-oaxaca-ieepco"],"jetpack_featured_media_url":"https:\/\/zonaroja.com.mx\/wp-content\/uploads\/2023\/08\/Sesion-consejo-general-IEEPCO.jpeg","jetpack_sharing_enabled":true,"_links":{"self":[{"href":"https:\/\/zonaroja.com.mx\/index.php?rest_route=\/wp\/v2\/posts\/59304","targetHints":{"allow":["GET"]}}],"collection":[{"href":"https:\/\/zonaroja.com.mx\/index.php?rest_route=\/wp\/v2\/posts"}],"about":[{"href":"https:\/\/zonaroja.com.mx\/index.php?rest_route=\/wp\/v2\/types\/post"}],"author":[{"embeddable":true,"href":"https:\/\/zonaroja.com.mx\/index.php?rest_route=\/wp\/v2\/users\/2"}],"replies":[{"embeddable":true,"href":"https:\/\/zonaroja.com.mx\/index.php?rest_route=%2Fwp%2Fv2%2Fcomments&post=59304"}],"version-history":[{"count":1,"href":"https:\/\/zonaroja.com.mx\/index.php?rest_route=\/wp\/v2\/posts\/59304\/revisions"}],"predecessor-version":[{"id":59306,"href":"https:\/\/zonaroja.com.mx\/index.php?rest_route=\/wp\/v2\/posts\/59304\/revisions\/59306"}],"wp:featuredmedia":[{"embeddable":true,"href":"https:\/\/zonaroja.com.mx\/index.php?rest_route=\/wp\/v2\/media\/59305"}],"wp:attachment":[{"href":"https:\/\/zonaroja.com.mx\/index.php?rest_route=%2Fwp%2Fv2%2Fmedia&parent=59304"}],"wp:term":[{"taxonomy":"category","embeddable":true,"href":"https:\/\/zonaroja.com.mx\/index.php?rest_route=%2Fwp%2Fv2%2Fcategories&post=59304"},{"taxonomy":"post_tag","embeddable":true,"href":"https:\/\/zonaroja.com.mx\/index.php?rest_route=%2Fwp%2Fv2%2Ftags&post=59304"}],"curies":[{"name":"wp","href":"https:\/\/api.w.org\/{rel}","templated":true}]}}