{"id":59307,"date":"2023-08-30T21:16:12","date_gmt":"2023-08-31T02:16:12","guid":{"rendered":"http:\/\/www.zonaroja.com.mx\/?p=59307"},"modified":"2023-08-30T21:16:14","modified_gmt":"2023-08-31T02:16:14","slug":"y-13-anos-despues-los-de-zapotengo-no-hallan-a-sus-10-desaparecidos","status":"publish","type":"post","link":"https:\/\/zonaroja.com.mx\/?p=59307","title":{"rendered":"Y 13 a\u00f1os despu\u00e9s, los de Zapotengo no hallan a sus 10 desaparecidos"},"content":{"rendered":"\n<p>Yuridiana Sosa\/Zona Roja.<\/p>\n\n\n\n<p>Oaxaca de Ju\u00e1rez, Oax., a 30 de agosto de 2023.- La esperanza de alg\u00fan d\u00eda encontrarlos sigue presente. Es la que mueve a las familias de los pobladores de Zapotengo, San Pedro Pochutla, desaparecidos hace 13 a\u00f1os en Matamoros, Tamaulipas.<\/p>\n\n\n\n<p>Como desde hace m\u00e1s de una d\u00e9cada, las esposas, hermanas y madres, principalmente, que encabezan esta lucha de b\u00fasqueda, este mi\u00e9rcoles marcharon junto a decenas de familias que integran diversos colectivos en el marco del D\u00eda Internacional de la Desaparici\u00f3n Forzada de Personas, realizada en la capital oaxaque\u00f1a.<\/p>\n\n\n\n<p>Aunque por momentos el dinero ha sido una limitaci\u00f3n para continuar la b\u00fasqueda de los 10 desaparecidos, las ansias de encontrarlos vuelven a moverlos.<\/p>\n\n\n\n<p>Concepci\u00f3n Vizarretea Salinas, hermana de tres de ellos y Celerina Santos, esposa de Nemorio Vizarretea, no han cesado en la exploraci\u00f3n de pistas para localizarlos. A veces solas y otras acompa\u00f1adas, como este d\u00eda, al que se integran ahora los hijos de los desaparecidos.<\/p>\n\n\n\n<p>El tiempo las ha hecho conscientes de otra posible realidad sobre el destino de sus familiares, por eso Concepci\u00f3n refiere que \u201ccon vida o sin vida\u201d quieren localizarlos, y que sus cuerpos regresen a su comunidad de origen, donde sus familias los pueda despedir conforme a sus tradiciones.<\/p>\n\n\n\n<p>En sus hogares nada volvi\u00f3 a ser igual, ni siquiera en su comunidad, donde los 10 hombres impulsaron un proyecto de ecoturismo en Lagunas de Zapotengo que significaba empleo e ingresos para m\u00e1s familias.<\/p>\n\n\n\n<p>El lugar se volvi\u00f3 a abrir con esfuerzo, pero solo con la intenci\u00f3n de obtener ingresos para la b\u00fasqueda.<\/p>\n\n\n\n<figure class=\"wp-block-embed is-type-rich is-provider-twitter wp-block-embed-twitter\"><div class=\"wp-block-embed__wrapper\">\n<div class=\"twitter-tweet\"><blockquote class=\"twitter-tweet\" data-lang=\"es\"><p lang=\"es\" dir=\"ltr\">\u00a1Una d\u00e9cada desaparecidos! Nada se sabe a\u00fan de 10 coste\u00f1os de Zapotengo, Pochutla, que partieron al norte del pa\u00eds y desaparecieron. <br>Sus familiares participaron hoy en la marcha por el D\u00eda Internacional de la Desaparici\u00f3n Forzada de Personas, en la capital oaxaque\u00f1a. <a href=\"https:\/\/t.co\/RwDyyLYIqG\">pic.twitter.com\/RwDyyLYIqG<\/a><\/p>&mdash; Zona Roja Oaxaca (@ZonaRoja_Oaxaca) <a href=\"https:\/\/twitter.com\/ZonaRoja_Oaxaca\/status\/1696970187663106463?ref_src=twsrc%5Etfw\">30 de agosto de 2023<\/a><\/blockquote><\/div>\n<\/div><\/figure>\n\n\n\n<p>LOS HECHOS<\/p>\n\n\n\n<p>Juan Carlos, Luis y Andr\u00e9s Vizarretea Salinas (este \u00faltimo ex diputado local del PRD y ex l\u00edder del Partido Nueva Alianza); Fidel y Gregorio Hern\u00e1ndez; Isauro Rojas, Adelaido Espino, Antonio Feria, Nemorio Vizarretea y Benito Salinas desaparecieron, presuntamente en Matamoros, Tamaulipas en julio de 2010.<\/p>\n\n\n\n<p>Los hombres, de entre ellos familia, viajaron hasta el norte para comprar veh\u00edculos para su proyecto de ecoturismo, para el cual conformaron la Sociedad Cooperativa de Producci\u00f3n de Bienes y Servicios Zapotengo.<\/p>\n\n\n\n<p>A su llegada, Isauro, estableci\u00f3 comunicaci\u00f3n con su esposa el 14 de julio para avisar que ya hab\u00edan llegado, pero despu\u00e9s de eso, nada se volvi\u00f3 a saber de ellos.<\/p>\n\n\n\n<p>Las mujeres se movilizaron para encontrar ayuda de autoridades en la capital del estado, en la Ciudad de M\u00e9xico y en Tamaulipas, sin obtener apoyo satisfactorio.<\/p>\n\n\n\n<p>Esta b\u00fasqueda desprendi\u00f3 a las familias de propiedades para obtener dinero, pero al paso de los meses y a\u00f1os, algunas frenaron su lucha, pues ya no hab\u00eda m\u00e1s por vender y hab\u00eda hijos por mantener.&nbsp;<\/p>\n\n\n\n<p>Hasta ahora nada saben. Sus exigencias ante las autoridades han sido insatisfactorias.<\/p>\n\n\n\n<p>Por eso este d\u00eda marcharon, junto con cientos de familiares de v\u00edctimas, de la fuente de las Ocho Regiones al z\u00f3calo. Para hacerse o\u00edr otra vez, como hace 13 a\u00f1os.<\/p>\n\n\n\n<figure class=\"wp-block-embed is-type-rich is-provider-twitter wp-block-embed-twitter\"><div class=\"wp-block-embed__wrapper\">\n<div class=\"twitter-tweet\"><blockquote class=\"twitter-tweet\" data-lang=\"es\"><p lang=\"es\" dir=\"ltr\"><a href=\"https:\/\/twitter.com\/hashtag\/ENVIVO?src=hash&amp;ref_src=twsrc%5Etfw\">#ENVIVO<\/a> <br>Integrantes de diversos colectivos realizan una marcha en <a href=\"https:\/\/twitter.com\/hashtag\/Oaxaca?src=hash&amp;ref_src=twsrc%5Etfw\">#Oaxaca<\/a>, en el marco del D\u00eda Internacional de la Desaparici\u00f3n Forzada de Personas. Van de la fuente de las Ocho Regiones hacia el z\u00f3calo de la capital. <a href=\"https:\/\/t.co\/3cazNdN5MM\">pic.twitter.com\/3cazNdN5MM<\/a><\/p>&mdash; Zona Roja Oaxaca (@ZonaRoja_Oaxaca) <a href=\"https:\/\/twitter.com\/ZonaRoja_Oaxaca\/status\/1696921028990230553?ref_src=twsrc%5Etfw\">30 de agosto de 2023<\/a><\/blockquote><\/div>\n<\/div><\/figure>\n","protected":false},"excerpt":{"rendered":"<p>Yuridiana Sosa\/Zona Roja. Oaxaca de Ju\u00e1rez, Oax., a 30 de agosto de 2023.- La esperanza&hellip;<\/p>\n","protected":false},"author":2,"featured_media":59308,"comment_status":"closed","ping_status":"open","sticky":false,"template":"","format":"standard","meta":{"_lmt_disableupdate":"","_lmt_disable":"","_jetpack_memberships_contains_paid_content":false,"footnotes":""},"categories":[109,47],"tags":[425],"class_list":["post-59307","post","type-post","status-publish","format-standard","has-post-thumbnail","hentry","category-minuto-a-minuto","category-zona-gris","tag-protestan-familiares-de-desaparecidos-en-oaxaca"],"jetpack_featured_media_url":"https:\/\/zonaroja.com.mx\/wp-content\/uploads\/2023\/08\/Marcha-familias-buscadoras-desaparecidos-Zapotengo.jpg","jetpack_sharing_enabled":true,"_links":{"self":[{"href":"https:\/\/zonaroja.com.mx\/index.php?rest_route=\/wp\/v2\/posts\/59307","targetHints":{"allow":["GET"]}}],"collection":[{"href":"https:\/\/zonaroja.com.mx\/index.php?rest_route=\/wp\/v2\/posts"}],"about":[{"href":"https:\/\/zonaroja.com.mx\/index.php?rest_route=\/wp\/v2\/types\/post"}],"author":[{"embeddable":true,"href":"https:\/\/zonaroja.com.mx\/index.php?rest_route=\/wp\/v2\/users\/2"}],"replies":[{"embeddable":true,"href":"https:\/\/zonaroja.com.mx\/index.php?rest_route=%2Fwp%2Fv2%2Fcomments&post=59307"}],"version-history":[{"count":1,"href":"https:\/\/zonaroja.com.mx\/index.php?rest_route=\/wp\/v2\/posts\/59307\/revisions"}],"predecessor-version":[{"id":59309,"href":"https:\/\/zonaroja.com.mx\/index.php?rest_route=\/wp\/v2\/posts\/59307\/revisions\/59309"}],"wp:featuredmedia":[{"embeddable":true,"href":"https:\/\/zonaroja.com.mx\/index.php?rest_route=\/wp\/v2\/media\/59308"}],"wp:attachment":[{"href":"https:\/\/zonaroja.com.mx\/index.php?rest_route=%2Fwp%2Fv2%2Fmedia&parent=59307"}],"wp:term":[{"taxonomy":"category","embeddable":true,"href":"https:\/\/zonaroja.com.mx\/index.php?rest_route=%2Fwp%2Fv2%2Fcategories&post=59307"},{"taxonomy":"post_tag","embeddable":true,"href":"https:\/\/zonaroja.com.mx\/index.php?rest_route=%2Fwp%2Fv2%2Ftags&post=59307"}],"curies":[{"name":"wp","href":"https:\/\/api.w.org\/{rel}","templated":true}]}}