{"id":59310,"date":"2023-08-30T21:35:57","date_gmt":"2023-08-31T02:35:57","guid":{"rendered":"http:\/\/www.zonaroja.com.mx\/?p=59310"},"modified":"2023-08-30T21:36:00","modified_gmt":"2023-08-31T02:36:00","slug":"estallan-protestas-en-oaxaca-a-media-semana-dialogo-la-exigencia","status":"publish","type":"post","link":"https:\/\/zonaroja.com.mx\/?p=59310","title":{"rendered":"Estallan protestas en Oaxaca a media semana; di\u00e1logo, la exigencia"},"content":{"rendered":"\n<p>Yuridiana Sosa\/Zona Roja.<\/p>\n\n\n\n<p>Oaxaca de Ju\u00e1rez, Oax., a 30 de agosto de 2023.- Ante la falta de atenciones satisfactorias por parte de los funcionarios del Gobierno del Estado, diversos grupos de manifestantes, que se movilizaron este mi\u00e9rcoles, demandaron la intervenci\u00f3n directa del gobernador Salom\u00f3n Jara para dar soluciones a sus problem\u00e1ticas.<\/p>\n\n\n\n<p>Uno de los grupos que protestaron fueron docentes, administrativos y personal en general despedidos de la Universidad Tecnol\u00f3gica de los Valles Centrales de Oaxaca (UTVCO), quienes acusan cerraz\u00f3n al di\u00e1logo de la rectora Tania L\u00f3pez L\u00f3pez, para abordar el tema de la rescisi\u00f3n de contratos para 16 trabajadores.<\/p>\n\n\n\n<p>Desde el z\u00f3calo de la capital, los afectados se\u00f1alaron que, desde ayer, tras el anuncio de esta decisi\u00f3n, no han logrado tener comunicaci\u00f3n con L\u00f3pez L\u00f3pez, por lo que demandan una audiencia con Jara Cruz al considerar injustificados y violatorios los despidos.<\/p>\n\n\n\n<p>Los docentes aseguraron que se trata de una medida de represi\u00f3n por la conformaci\u00f3n del Sindicato de Trabajadores de Educaci\u00f3n Superior del Estado de Oaxaca (Sotedsu), el cual tratan de desintegrar con esta acci\u00f3n.<\/p>\n\n\n\n<p>El movimiento, apuntaron, surgi\u00f3 en abril ante la necesidad de la defensa de sus derechos laborales, pues desde la llegada de Tania L\u00f3pez a la Rector\u00eda, en diciembre, se han registrado diversos despidos y abusos contra el personal.<\/p>\n\n\n\n<p>El nuevo sindicato, integrado por 65 colaboradores, no va en contra de los lineamientos de la Universidad, y del cual ya cuenta con acta constitutiva y est\u00e1n en proceso de contar con su toma de nota, apuntaron.<\/p>\n\n\n\n<p>En apoyo a los despedidos, padres de familia, alumnos tambi\u00e9n bloquearon en San Pablo Huixtepec, para exigir atenci\u00f3n y recontrataci\u00f3n del personal afectado.<\/p>\n\n\n\n<figure class=\"wp-block-embed is-type-rich is-provider-twitter wp-block-embed-twitter\"><div class=\"wp-block-embed__wrapper\">\n<div class=\"twitter-tweet\"><blockquote class=\"twitter-tweet\" data-lang=\"es\"><p lang=\"es\" dir=\"ltr\"><a href=\"https:\/\/twitter.com\/hashtag\/%C3%9AltimoMinuto?src=hash&amp;ref_src=twsrc%5Etfw\">#\u00daltimoMinuto<\/a><br>\u00a1Fuera Tania! \u00a1Fuera Tania! \u00a1Fuera Tania! <br>Crece el conflicto en la <a href=\"https:\/\/twitter.com\/utvco?ref_src=twsrc%5Etfw\">@utvco<\/a> y ahora transportistas se suman a pobladores que respaldan a los 16 trabajadores despedidos por la rectora <a href=\"https:\/\/twitter.com\/TaniaLopezXoxo?ref_src=twsrc%5Etfw\">@TaniaLopezXoxo<\/a>; bloquean vialidades en San Pablo Huixtepec, Oaxaca. <a href=\"https:\/\/t.co\/dr6U7DFIQf\">pic.twitter.com\/dr6U7DFIQf<\/a><\/p>&mdash; Zona Roja Oaxaca (@ZonaRoja_Oaxaca) <a href=\"https:\/\/twitter.com\/ZonaRoja_Oaxaca\/status\/1696992219352244455?ref_src=twsrc%5Etfw\">30 de agosto de 2023<\/a><\/blockquote><\/div>\n<\/div><\/figure>\n\n\n\n<p>RESURGEN EX BRACEROS<\/p>\n\n\n\n<p>En tanto, integrantes del movimiento de Ex Braceros de Oaxaca A.C 1942-1964 se manifestaron frente a Palacio de Gobierno para demandar la intervenci\u00f3n del gobernador Salom\u00f3n Jara ante el presidente Andr\u00e9s Manuel L\u00f3pez Obrador, para el pago de sus ahorros cuando laboraron en Estados Unidos.<\/p>\n\n\n\n<p>Los hombres, adultos mayores, entregaron al gobierno su petici\u00f3n y explicaron que de Oaxaca asistieron como trabajadores m\u00e1s de 10 mil ciudadanos, a los que el gobierno de M\u00e9xico no les ha pagado por su labor en los campos del vecino pa\u00eds como parte de los programas internacionales; el dinero fue depositado en aquella \u00e9poca por el gobierno Americano a la Banca Agr\u00edcola de M\u00e9xico.<\/p>\n\n\n\n<p>As\u00ed tambi\u00e9n exigieron a Jara Cruz que vuelva a aplicar el programa que Gabino Cu\u00e9 implement\u00f3 en apoyo a los ex braceros, de mil pesos mensuales, pero que esta vez sea para todos y de forma regular, pues en ese sexenio se beneficiaron s\u00f3lo cuatro mil de 10 mil ex braceros.<\/p>\n\n\n\n<figure class=\"wp-block-embed is-type-rich is-provider-twitter wp-block-embed-twitter\"><div class=\"wp-block-embed__wrapper\">\n<div class=\"twitter-tweet\"><blockquote class=\"twitter-tweet\" data-lang=\"es\"><p lang=\"es\" dir=\"ltr\"><a href=\"https:\/\/twitter.com\/hashtag\/%C3%9AltimoMinuto?src=hash&amp;ref_src=twsrc%5Etfw\">#\u00daltimoMinuto<\/a><br>En el acceso principal del Palacio de Gobierno, ex braceros piden la intervenci\u00f3n del gobernador <a href=\"https:\/\/twitter.com\/salomonj?ref_src=twsrc%5Etfw\">@salomonj<\/a> ante el Presidente <a href=\"https:\/\/twitter.com\/lopezobrador_?ref_src=twsrc%5Etfw\">@lopezobrador_<\/a>, a fin de recuperar los ahorros que hicieron  cuando laboraron en Estados Unidos. <a href=\"https:\/\/t.co\/MzGrscA5gE\">pic.twitter.com\/MzGrscA5gE<\/a><\/p>&mdash; Zona Roja Oaxaca (@ZonaRoja_Oaxaca) <a href=\"https:\/\/twitter.com\/ZonaRoja_Oaxaca\/status\/1696938441240621553?ref_src=twsrc%5Etfw\">30 de agosto de 2023<\/a><\/blockquote><\/div>\n<\/div><\/figure>\n\n\n\n<p>EN\u00c9SIMO ENGA\u00d1O<\/p>\n\n\n\n<p>A la jornada de protestas de este mi\u00e9rcoles se integraron docentes despedidos del Taller de Artes Pl\u00e1sticas \u201cRufino Tamayo\u201d, quienes denunciaron enga\u00f1o por parte del gobierno estatal para su recontrataci\u00f3n.<\/p>\n\n\n\n<p>Desde el z\u00f3calo de la capital, los artistas y docentes se\u00f1alaron que el martes se llev\u00f3 a cabo una reuni\u00f3n con el titular de la Jefatura de Gobierno de Oaxaca, Flavio Sosa, quien inform\u00f3 sobre la recontrataci\u00f3n, pero horas despu\u00e9s les informaron que no ser\u00eda posible y aun as\u00ed los citaron a una nueva reuni\u00f3n para este mi\u00e9rcoles, a la cual no asistieron.<\/p>\n\n\n\n<p>A esa situaci\u00f3n se a\u00f1ade que desde el inicio de las denuncias sobre las malas condicione del taller ha existido desatenci\u00f3n del secretario de Culturas y Artes, V\u00edctor Cata, y de parte del director del lugar, Enrique Gij\u00f3n, quienes adem\u00e1s \u201ccompararon\u201d y dividieron el movimiento que inici\u00f3 con m\u00e1s compa\u00f1eros.<\/p>\n\n\n\n<p>Por lo que advirtieron que aunque ya no formen parte del taller \u201cRufino Tamayo\u201d continuar\u00e1n en su jornada de protestas en busca de mejores condiciones para alumnos y docentes, pues actualmente trabajan con carencias.<\/p>\n\n\n\n<figure class=\"wp-block-embed is-type-rich is-provider-twitter wp-block-embed-twitter\"><div class=\"wp-block-embed__wrapper\">\n<div class=\"twitter-tweet\"><blockquote class=\"twitter-tweet\" data-lang=\"es\"><p lang=\"es\" dir=\"ltr\"><a href=\"https:\/\/twitter.com\/hashtag\/%C3%9AltimoMinuto?src=hash&amp;ref_src=twsrc%5Etfw\">#\u00daltimoMinuto<\/a><br>La en\u00e9sima protesta de este mi\u00e9rcoles fue la de docentes corridos del taller de Artes Pl\u00e1sticas \u201cRufino Tamayo\u201d, que acusan enga\u00f1os y desatenci\u00f3n por parte del titular de la <a href=\"https:\/\/twitter.com\/SECULTA_GobOax?ref_src=twsrc%5Etfw\">@SECULTA_GobOax<\/a>, <a href=\"https:\/\/twitter.com\/VictorCataOax?ref_src=twsrc%5Etfw\">@VictorCataOax<\/a>. <a href=\"https:\/\/t.co\/nVeHBOq6W7\">pic.twitter.com\/nVeHBOq6W7<\/a><\/p>&mdash; Zona Roja Oaxaca (@ZonaRoja_Oaxaca) <a href=\"https:\/\/twitter.com\/ZonaRoja_Oaxaca\/status\/1696965260060573709?ref_src=twsrc%5Etfw\">30 de agosto de 2023<\/a><\/blockquote><\/div>\n<\/div><\/figure>\n\n\n\n<p>HASTA TRANSPORTISTAS<\/p>\n\n\n\n<p>En tanto, decenas de transportistas \u201ctomaron\u201d las instalaciones de la agencia de autos Chevrolet, ubicada en el bulevar Eduardo Mata para denunciar el mal servicio por el incumplimiento de garant\u00edas.<\/p>\n\n\n\n<p>Con taxis for\u00e1neos, camionetas tipo Urvan y camiones volteos cerraron el acceso a la empresa en apoyo de un compa\u00f1ero que compr\u00f3 una unidad y al paso de un mes se le descompuso, sin embargo, la agencia s\u00f3lo ofreci\u00f3 la compostura del veh\u00edculo.<\/p>\n\n\n\n<p>Luego de varias horas, los transportistas se retiraron, sin que se reportaran da\u00f1os en el inmueble.<\/p>\n\n\n\n<figure class=\"wp-block-embed is-type-rich is-provider-twitter wp-block-embed-twitter\"><div class=\"wp-block-embed__wrapper\">\n<div class=\"twitter-tweet\"><blockquote class=\"twitter-tweet\" data-lang=\"es\"><p lang=\"es\" dir=\"ltr\">Al menos dos grupos, uno de presuntos estudiantes normalistas y otro de organizaciones sociales, se apoderaron esta ma\u00f1ana de la caseta de peaje Huitzo, de la supercarretera Oaxaca-Cuacnopalan; cobran sus propias cuotas. <a href=\"https:\/\/t.co\/Thp74Eg9NV\">pic.twitter.com\/Thp74Eg9NV<\/a><\/p>&mdash; Zona Roja Oaxaca (@ZonaRoja_Oaxaca) <a href=\"https:\/\/twitter.com\/ZonaRoja_Oaxaca\/status\/1696907295525879982?ref_src=twsrc%5Etfw\">30 de agosto de 2023<\/a><\/blockquote><\/div>\n<\/div><\/figure>\n\n\n\n<p>OTRAS PROTESTAS<\/p>\n\n\n\n<p>Presuntamente un grupo de estudiantes normalistas y otro de organizaciones sociales, se apoderaron esta ma\u00f1ana de la caseta de peaje Huitzo, de la supercarretera Oaxaca-Cuacnopalan, donde aplicaron sus propias cuotas.<\/p>\n\n\n\n<p>Los manifestantes no dieron a conocer el motivo de su inconformidad por apoderarse de la propiedad federal.<\/p>\n\n\n\n<p>Por otra parte, el Comit\u00e9 de V\u00edctimas de San Mateo del Mar se manifest\u00f3 en oficinas del Poder Judicial, en la colonia Reforma para exigir justicia por la masacre contra 15 habitantes en junio de 2020.<\/p>\n\n\n\n<p>Apuntaron que este mi\u00e9rcoles se program\u00f3 la audiencia de una persona recientemente detenida como uno de los presuntos responsables de los hechos violentos, por lo que demandaron que se aplique todo el peso de la ley.<\/p>\n\n\n\n<p>En tanto que vecinos de la colonia Santa Mar\u00eda, de la capital del estado, protestaron contra el gobierno municipal de Francisco Mart\u00ednez Neri por presuntos actos arbitrarios para despojarlos de un terreno.<\/p>\n\n\n\n<p>Los colonos apuntaron que en medio de un operativo policial, trabajadores del ayuntamiento encabezados por la directora de Comercio en V\u00eda P\u00fablica, Bibiana Garc\u00eda, desmontaron en la madrugada un espacio destinado un mercadito de la colonia y lo cercaron para evitar su uso.<\/p>\n","protected":false},"excerpt":{"rendered":"<p>Yuridiana Sosa\/Zona Roja. Oaxaca de Ju\u00e1rez, Oax., a 30 de agosto de 2023.- Ante la&hellip;<\/p>\n","protected":false},"author":2,"featured_media":59311,"comment_status":"closed","ping_status":"open","sticky":false,"template":"","format":"standard","meta":{"_lmt_disableupdate":"","_lmt_disable":"","_jetpack_memberships_contains_paid_content":false,"footnotes":""},"categories":[109,47],"tags":[2264],"class_list":["post-59310","post","type-post","status-publish","format-standard","has-post-thumbnail","hentry","category-minuto-a-minuto","category-zona-gris","tag-bloqueos-y-protestas-oaxaca"],"jetpack_featured_media_url":"https:\/\/zonaroja.com.mx\/wp-content\/uploads\/2023\/08\/Protestas-en-Oaxaca-miercoles-30-de-agosto.jpg","jetpack_sharing_enabled":true,"_links":{"self":[{"href":"https:\/\/zonaroja.com.mx\/index.php?rest_route=\/wp\/v2\/posts\/59310","targetHints":{"allow":["GET"]}}],"collection":[{"href":"https:\/\/zonaroja.com.mx\/index.php?rest_route=\/wp\/v2\/posts"}],"about":[{"href":"https:\/\/zonaroja.com.mx\/index.php?rest_route=\/wp\/v2\/types\/post"}],"author":[{"embeddable":true,"href":"https:\/\/zonaroja.com.mx\/index.php?rest_route=\/wp\/v2\/users\/2"}],"replies":[{"embeddable":true,"href":"https:\/\/zonaroja.com.mx\/index.php?rest_route=%2Fwp%2Fv2%2Fcomments&post=59310"}],"version-history":[{"count":1,"href":"https:\/\/zonaroja.com.mx\/index.php?rest_route=\/wp\/v2\/posts\/59310\/revisions"}],"predecessor-version":[{"id":59312,"href":"https:\/\/zonaroja.com.mx\/index.php?rest_route=\/wp\/v2\/posts\/59310\/revisions\/59312"}],"wp:featuredmedia":[{"embeddable":true,"href":"https:\/\/zonaroja.com.mx\/index.php?rest_route=\/wp\/v2\/media\/59311"}],"wp:attachment":[{"href":"https:\/\/zonaroja.com.mx\/index.php?rest_route=%2Fwp%2Fv2%2Fmedia&parent=59310"}],"wp:term":[{"taxonomy":"category","embeddable":true,"href":"https:\/\/zonaroja.com.mx\/index.php?rest_route=%2Fwp%2Fv2%2Fcategories&post=59310"},{"taxonomy":"post_tag","embeddable":true,"href":"https:\/\/zonaroja.com.mx\/index.php?rest_route=%2Fwp%2Fv2%2Ftags&post=59310"}],"curies":[{"name":"wp","href":"https:\/\/api.w.org\/{rel}","templated":true}]}}