{"id":59315,"date":"2023-08-31T08:30:00","date_gmt":"2023-08-31T13:30:00","guid":{"rendered":"http:\/\/www.zonaroja.com.mx\/?p=59315"},"modified":"2023-08-31T07:26:39","modified_gmt":"2023-08-31T12:26:39","slug":"faculta-el-congreso-de-oaxaca-al-ieepco-para-que-convoque-a-las-elecciones-de-2024","status":"publish","type":"post","link":"https:\/\/zonaroja.com.mx\/?p=59315","title":{"rendered":"Faculta el Congreso de Oaxaca al IEEPCO para que convoque a las elecciones de 2024"},"content":{"rendered":"\n<p>Redacci\u00f3n\/Zona Roja.<\/p>\n\n\n\n<p>San Raymundo Jalpan, Oax., a 31 de agosto de 2023.- La 65 Legislatura del Congreso del Estado emiti\u00f3 el decreto por el que se faculta al Instituto Estatal Electoral y de Participaci\u00f3n Ciudadana de Oaxaca (IEEPCO) para que convoque a elecciones ordinarias del a\u00f1o 2024 en la entidad, para elegir 42 diputaciones locales y concejal\u00edas en 153 municipios que se rigen por el sistema de partidos pol\u00edticos.\u00a0<\/p>\n\n\n\n<p>En sesi\u00f3n ordinaria de este 30 de agosto, el Pleno aprob\u00f3 el proyecto de decreto respectivo presentado por la Mesa Directiva conforme a lo dispuesto en los art\u00edculos 36 y 37 de la Ley Org\u00e1nica del Poder Legislativo de Oaxaca.&nbsp;<\/p>\n\n\n\n<p>Al respecto, Luis Alfonso Silva Romo, presidente de la Junta de Coordinaci\u00f3n Pol\u00edtica (Jucopo) del Congreso local, resalt\u00f3 que ser\u00e1 un proceso hist\u00f3rico para Oaxaca y por lo cual llam\u00f3 al IEEPCO, a los partidos pol\u00edticos y a la ciudadan\u00eda a participar y renovar de manera organizada y arm\u00f3nica el Congreso del Estado y las presidencias municipales, a fin de que el proceso electoral 2023-2024 sea en paz.<\/p>\n\n\n\n<p>\u201cEs el inicio de un proceso muy importante para la vida democr\u00e1tica de Oaxaca, donde todas las partes involucradas tienen la responsabilidad de conducirse con los principios que rigen la democracia para respetar la ley, y con ello evitar la violencia, y adem\u00e1s garantizar la igualdad de oportunidades tanto para mujeres como para hombres. El pueblo es el que debe decidir a sus representantes populares\u201d, declar\u00f3.&nbsp;<\/p>\n\n\n\n<p>De igual manera, el legislador del grupo parlamentario del Partido Acci\u00f3n Nacional (PAN), Leonardo D\u00edaz Jim\u00e9nez, coment\u00f3 en tribuna que con cada elecci\u00f3n que se celebra se reivindica la democracia de Oaxaca, y en ese sentido, llam\u00f3 a respetar el marco legal.&nbsp;<\/p>\n\n\n\n<p>\u00abSin duda alguna que el panorama pol\u00edtico y contexto social de M\u00e9xico y Oaxaca es otro desde la \u00faltima reforma a nuestro marco normativo en materia electoral, para nadie es innegable que este proceso electoral que da vida a nuestra democracia arranc\u00f3 mucho antes de lo contemplado, pero no por eso se deben desbordar las pasiones, ahora m\u00e1s que nunca debemos seguir el marco legal\u00bb, declar\u00f3.&nbsp;<\/p>\n\n\n\n<p>Por su parte, la congresista del grupo parlamentario de Morena, Melina Hern\u00e1ndez Sosa, exhort\u00f3 a garantizar la democracia y evitar cualquier tipo de violencia pol\u00edtica de g\u00e9nero. \u201cHago un llamado, &nbsp;desde mi perspectiva como mujer ind\u00edgena a los municipios que se rigen por sistemas normativos para que incluyamos a las mujeres y trabajemos para lograr una paridad, una paridad gradual, progresiva con respeto y que tambi\u00e9n se incluya a todas las comunidades en los procesos internos para evitar conflictos\u201d.&nbsp;<\/p>\n\n\n\n<p>FELICITA AL IEEPCO<\/p>\n\n\n\n<p>En su intervenci\u00f3n, la legisladora del Partido Unidad Popular, X\u00f3chitl Jazm\u00edn Vel\u00e1zquez V\u00e1squez, felicit\u00f3 al IEEPCO por la labor que conlleva realizar un periodo de elecciones. Asimismo, pidi\u00f3 que exista paridad de g\u00e9nero y se pueda contar con muchas m\u00e1s mujeres ocupando un cargo p\u00fablico. \u00abSiempre privilegiemos los derechos de las mujeres para que este proceso electoral se viva en paz, se viva en armon\u00eda y que los resultados precisamente sean la voluntad del pueblo de Oaxaca\u00bb.&nbsp;<\/p>\n\n\n\n<p>De igual manera, la congresista del grupo parlamentario del Partido Revolucionario Institucional (PRI), Mar\u00eda Luisa Matus Fuentes, manifest\u00f3 que se desea que m\u00e1s mujeres sean elegidas como representantes populares pero en un ambiente de respeto a la ley, la democracia, y donde exista una plena participaci\u00f3n ciudadana.&nbsp;<\/p>\n\n\n\n<p>\u201cLo que m\u00e1s deseamos es que seamos respetuosos y no vivamos la violencia pol\u00edtica de ning\u00fan tipo, le apostemos a la democracia, a la participaci\u00f3n plena y &nbsp;tener un piso parejo, que respetemos las reglas, las leyes; que nuestros representantes en el \u00f3rgano electoral, los diferentes partidos pol\u00edticos le apuesten siempre a la construcci\u00f3n de acuerdos para que sigamos viviendo la democracia, respetandola y as\u00ed demos m\u00e1s espacios a las mujeres, a las j\u00f3venes, para &nbsp;que sea una contienda electoral de inclusi\u00f3n y de mucha participaci\u00f3n social\u201d, declar\u00f3.<\/p>\n\n\n\n<figure class=\"wp-block-embed is-type-rich is-provider-twitter wp-block-embed-twitter\"><div class=\"wp-block-embed__wrapper\">\n<div class=\"twitter-tweet\"><blockquote class=\"twitter-tweet\" data-lang=\"es\"><p lang=\"es\" dir=\"ltr\"><a href=\"https:\/\/twitter.com\/hashtag\/%C3%9AltimoMinuto?src=hash&amp;ref_src=twsrc%5Etfw\">#\u00daltimoMinuto<\/a> <br>En el marco de la aprobaci\u00f3n del decreto por parte del <a href=\"https:\/\/twitter.com\/CongresoOaxaca_?ref_src=twsrc%5Etfw\">@CongresoOaxaca_<\/a> para autorizar al <a href=\"https:\/\/twitter.com\/IEEPCO?ref_src=twsrc%5Etfw\">@IEEPCO<\/a> a iniciar el proceso electoral, la diputada <a href=\"https:\/\/twitter.com\/marianabenitezt?ref_src=twsrc%5Etfw\">@marianabenitezt<\/a> se pronunci\u00f3 por un proceso ordenado y en paz, pero sobre todo con rechazo a la violencia en contra de las\u2026 <a href=\"https:\/\/t.co\/Ru8z3jJ8a5\">pic.twitter.com\/Ru8z3jJ8a5<\/a><\/p>&mdash; Zona Roja Oaxaca (@ZonaRoja_Oaxaca) <a href=\"https:\/\/twitter.com\/ZonaRoja_Oaxaca\/status\/1697009140072079782?ref_src=twsrc%5Etfw\">30 de agosto de 2023<\/a><\/blockquote><\/div>\n<\/div><\/figure>\n\n\n\n<p>Asimismo, la legisladora Mariana Ben\u00edtez Tiburcio resalt\u00f3 la importancia de las votaciones del a\u00f1o siguiente porque se elegir\u00e1n a representantes de Oaxaca y del pa\u00eds, por lo cual llam\u00f3 a vivir el proceso electoral apegado a la ley, para que el estado est\u00e9 en paz en este proceso electoral.&nbsp;<\/p>\n\n\n\n<p>\u201cEl llamado es a la civilidad, al respeto de las reglas democr\u00e1ticas y a buscar, m\u00e1s all\u00e1 de los disensos y el contraste de propuestas, a buscar que nuestra democracia se fortalezca, nos ha costado mucho irla construyendo, perfeccionando, como para que en un proceso electoral hagamos marcha atr\u00e1s, y violentemos mujeres; el llamado es a las y los candidatos, a las autoridades electorales locales y federales, a los gobiernos a que &nbsp;respeten la ley, y en particular el llamado es &nbsp;evitar por cualquier raz\u00f3n o motivo la violencia pol\u00edtica de g\u00e9nero\u201d.&nbsp;<\/p>\n\n\n\n<p>Tambi\u00e9n, la coordinadora del grupo parlamentario del Partido Verde Ecologista de M\u00e9xico (PVEM), Eva Diego Cruz, exhort\u00f3 para que se garantice la democracia y paz en Oaxaca. &nbsp;\u201cUn exhorto a nosotros como diputadas y diputados, a los representantes de los partidos pol\u00edticos, a las autoridades que ostentan cargos p\u00fablicos para que se respete la democracia en Oaxaca, el estado lo que requiere es un ambiente en paz, la sociedad lo que exige y pide es que los pol\u00edticos estemos a la altura, presentemos propuestas y no descalificaciones. Yo exhorto a cada uno de mis compa\u00f1eros actores pol\u00edticos a respetar este proceso que inicia en Oaxaca\u201d, dijo.&nbsp;<\/p>\n\n\n\n<p>En tanto, la coordinadora del grupo parlamentario del Partido de la Revoluci\u00f3n Democr\u00e1tica (PRD), Ang\u00e9lica Roc\u00edo Melchor V\u00e1squez, destac\u00f3 la importancia de respetar las instituciones para que se d\u00e9 certeza a la ciudadan\u00eda. \u201cEn estricto respeto a las instituciones es lo que nos va a dar a nosotras y a nosotros que tengamos un proceso electoral libre, que estemos en este proceso de manera responsable, siempre el respeto a las instituciones y a los tiempos electorales, es lo que pedimos que se respete la ley electoral en el estado de Oaxaca\u201d.&nbsp;<\/p>\n\n\n\n<p>Mientras el coordinador del grupo parlamentario del Partido del Trabajo, No\u00e9 Doroteo Castillejos, dijo que \u201chay que profundizar en t\u00e9rminos sustanciales lo que est\u00e1 pendiente en materia de g\u00e9nero, &nbsp;hay que cuidar en t\u00e9rminos de violencia pol\u00edtica, hay que profundizar en materia de respaldo a la lucha de las mujeres que dignamente tienen estas nuevas representaciones y encargos en estos niveles de participaci\u00f3n. Es nuestra responsabilidad hacer garantes la participaci\u00f3n democr\u00e1tica, la participaci\u00f3n ciudadana con el a\u00f1adido de que, estamos jug\u00e1ndonos el rumbo de M\u00e9xico en este proceso de la cuarta transformaci\u00f3n\u201d.&nbsp;<\/p>\n\n\n\n<p>A trav\u00e9s del decreto aprobado se autoriza al IEEPCO a convocar a elecciones para que la ciudadan\u00eda elija a las diputadas y diputados por los principios de mayor\u00eda relativa y representaci\u00f3n proporcional que integrar\u00e1n la 66 Legislatura local, y que tomar\u00e1n posesi\u00f3n de sus cargos el 13 de noviembre de 2024, cuyo encargo durar\u00e1 tres a\u00f1os.&nbsp;<\/p>\n\n\n\n<p>De igual manera, se elegir\u00e1n a las y los concejales de los ayuntamientos de los 153 municipios de Oaxaca que se rigen por el sistema de partidos pol\u00edticos, y quienes resulten electos, deber\u00e1n rendir protesta de ley y asumir sus cargos por un periodo de tres a\u00f1os el 1 de enero de 2025.&nbsp;<\/p>\n\n\n\n<p>De acuerdo con el edicto que entr\u00f3 en vigor a partir de este 30 de agosto de 2023, las elecciones deber\u00e1n celebrarse el primer domingo de junio de 2024, mismas que tendr\u00e1n que ser organizadas y desarrolladas conforme lo establecen las Constituciones del pa\u00eds y de Oaxaca, as\u00ed como la Ley General de Instituciones y Procedimientos Electorales, la Ley General de Partidos Pol\u00edticos y la Ley de Instituciones y Procedimientos Electorales de Oaxaca, en lo que no contravenga a las primeras normas antes se\u00f1aladas, la Ley de Sistema de Medios de Impugnaci\u00f3n en Materia Electoral y de Participaci\u00f3n Ciudadana para el Estado, y la normatividad electoral que de ellos derive.<\/p>\n\n\n\n<figure class=\"wp-block-embed is-type-rich is-provider-twitter wp-block-embed-twitter\"><div class=\"wp-block-embed__wrapper\">\n<div class=\"twitter-tweet\"><blockquote class=\"twitter-tweet\" data-lang=\"es\"><p lang=\"es\" dir=\"ltr\"><a href=\"https:\/\/twitter.com\/hashtag\/%C3%9AltimoMinuto?src=hash&amp;ref_src=twsrc%5Etfw\">#\u00daltimoMinuto<\/a><br>Con 33 votos, el pleno del <a href=\"https:\/\/twitter.com\/CongresoOaxaca_?ref_src=twsrc%5Etfw\">@CongresoOaxaca_<\/a> aprueba el decreto mediante el cual se faculta al <a href=\"https:\/\/twitter.com\/IEEPCO?ref_src=twsrc%5Etfw\">@IEEPCO<\/a> para iniciar el proceso electoral 2023-2024. <a href=\"https:\/\/t.co\/paTpP9YC6f\">pic.twitter.com\/paTpP9YC6f<\/a><\/p>&mdash; Zona Roja Oaxaca (@ZonaRoja_Oaxaca) <a href=\"https:\/\/twitter.com\/ZonaRoja_Oaxaca\/status\/1696984206994202935?ref_src=twsrc%5Etfw\">30 de agosto de 2023<\/a><\/blockquote><\/div>\n<\/div><\/figure>\n","protected":false},"excerpt":{"rendered":"<p>Redacci\u00f3n\/Zona Roja. San Raymundo Jalpan, Oax., a 31 de agosto de 2023.- La 65 Legislatura&hellip;<\/p>\n","protected":false},"author":2,"featured_media":59316,"comment_status":"closed","ping_status":"open","sticky":false,"template":"","format":"standard","meta":{"_lmt_disableupdate":"","_lmt_disable":"","_jetpack_memberships_contains_paid_content":false,"footnotes":""},"categories":[109,46],"tags":[2743],"class_list":["post-59315","post","type-post","status-publish","format-standard","has-post-thumbnail","hentry","category-minuto-a-minuto","category-zona-blanca","tag-65-legislatura-del-estado-de-oaxaca"],"jetpack_featured_media_url":"https:\/\/zonaroja.com.mx\/wp-content\/uploads\/2023\/08\/Sesion-Congreso-Oaxaca-30-agosto.jpg","jetpack_sharing_enabled":true,"_links":{"self":[{"href":"https:\/\/zonaroja.com.mx\/index.php?rest_route=\/wp\/v2\/posts\/59315","targetHints":{"allow":["GET"]}}],"collection":[{"href":"https:\/\/zonaroja.com.mx\/index.php?rest_route=\/wp\/v2\/posts"}],"about":[{"href":"https:\/\/zonaroja.com.mx\/index.php?rest_route=\/wp\/v2\/types\/post"}],"author":[{"embeddable":true,"href":"https:\/\/zonaroja.com.mx\/index.php?rest_route=\/wp\/v2\/users\/2"}],"replies":[{"embeddable":true,"href":"https:\/\/zonaroja.com.mx\/index.php?rest_route=%2Fwp%2Fv2%2Fcomments&post=59315"}],"version-history":[{"count":2,"href":"https:\/\/zonaroja.com.mx\/index.php?rest_route=\/wp\/v2\/posts\/59315\/revisions"}],"predecessor-version":[{"id":59322,"href":"https:\/\/zonaroja.com.mx\/index.php?rest_route=\/wp\/v2\/posts\/59315\/revisions\/59322"}],"wp:featuredmedia":[{"embeddable":true,"href":"https:\/\/zonaroja.com.mx\/index.php?rest_route=\/wp\/v2\/media\/59316"}],"wp:attachment":[{"href":"https:\/\/zonaroja.com.mx\/index.php?rest_route=%2Fwp%2Fv2%2Fmedia&parent=59315"}],"wp:term":[{"taxonomy":"category","embeddable":true,"href":"https:\/\/zonaroja.com.mx\/index.php?rest_route=%2Fwp%2Fv2%2Fcategories&post=59315"},{"taxonomy":"post_tag","embeddable":true,"href":"https:\/\/zonaroja.com.mx\/index.php?rest_route=%2Fwp%2Fv2%2Ftags&post=59315"}],"curies":[{"name":"wp","href":"https:\/\/api.w.org\/{rel}","templated":true}]}}