{"id":59318,"date":"2023-08-30T21:59:57","date_gmt":"2023-08-31T02:59:57","guid":{"rendered":"http:\/\/www.zonaroja.com.mx\/?p=59318"},"modified":"2023-08-30T21:59:59","modified_gmt":"2023-08-31T02:59:59","slug":"logro-su-sueno-julio-cesar-adolescente-con-leucemia-guardia-nacional-por-un-dia","status":"publish","type":"post","link":"https:\/\/zonaroja.com.mx\/?p=59318","title":{"rendered":"\u00a1Logr\u00f3 su sue\u00f1o! Julio C\u00e9sar, adolescente con leucemia, Guardia Nacional por un d\u00eda"},"content":{"rendered":"\n<p>Redacci\u00f3n\/Zona Roja.&nbsp;<\/p>\n\n\n\n<p>Oaxaca de Ju\u00e1rez, Oax., a 30 de agosto de 2023.- A los cuatro a\u00f1os, un acontecimiento cambi\u00f3 para siempre la vida de Julio Cesar O. O., le detectaron leucemia; pero hoy, a sus 15 a\u00f1os otro hecho marc\u00f3 su historia, fue nombrado Guardia Honorario por la Coordinaci\u00f3n Estatal de la Guardia Nacional en Oaxaca.<\/p>\n\n\n\n<p>Originario de Santa Cruz Zenzontepec, municipio enclavado en la Sierra Sur, desde hace 11 a\u00f1os es acompa\u00f1ado por su padre D\u00e1maso y su madre Carmen, en la b\u00fasqueda de las atenciones necesarias que le den una mejor calidad de vida.<\/p>\n\n\n\n<p>Desde el 2015, a los siete a\u00f1os, recibe los tratamientos y atenciones necesarias en el Hospital de la Ni\u00f1ez Oaxaque\u00f1a \u201cDr. Guillermo Z\u00e1rate Mijangos\u201d, al igual que m\u00e1s de 450 ni\u00f1os, ni\u00f1as y adolescentes que tienen esta patolog\u00eda; pero que tambi\u00e9n mantienen la esperanza y ansias por vivir y conocer el mundo.<\/p>\n\n\n\n<p>Para Julio C\u00e9sar, uno de sus mayores anhelos es enlistarse para formar parte de la Guardia Nacional, este d\u00eda su sue\u00f1o se materializ\u00f3 al presidir una ceremonia y ser homenajeado por mandos y elementos de la corporaci\u00f3n.<\/p>\n\n\n\n<figure class=\"wp-block-embed is-type-rich is-provider-twitter wp-block-embed-twitter\"><div class=\"wp-block-embed__wrapper\">\n<div class=\"twitter-tweet\"><blockquote class=\"twitter-tweet\" data-lang=\"es\"><p lang=\"es\" dir=\"ltr\">\ud83d\udc4f\ud83d\udc4f\ud83d\udc4f\ud83d\udc4f\ud83d\udc4f<br>En la sede de la VIII Regi\u00f3n Militar de la <a href=\"https:\/\/twitter.com\/SEDENAmx?ref_src=twsrc%5Etfw\">@SEDENAmx<\/a>, este mi\u00e9rcoles, la Guardia Nacional (<a href=\"https:\/\/twitter.com\/GN_MEXICO_?ref_src=twsrc%5Etfw\">@GN_MEXICO_<\/a>) nombr\u00f3 al menor de edad Julio C\u00e9sar O. O. como \u201cGuardia Honorario\u201d por un d\u00eda. El peque\u00f1o es originario de Santa Cruz Zenzontepec, en la Sierra Sur de Oaxaca, y\u2026 <a href=\"https:\/\/t.co\/YeipwydYNZ\">pic.twitter.com\/YeipwydYNZ<\/a><\/p>&mdash; Zona Roja Oaxaca (@ZonaRoja_Oaxaca) <a href=\"https:\/\/twitter.com\/ZonaRoja_Oaxaca\/status\/1696941128397013396?ref_src=twsrc%5Etfw\">30 de agosto de 2023<\/a><\/blockquote><\/div>\n<\/div><\/figure>\n\n\n\n<p>En representaci\u00f3n de esta instituci\u00f3n de seguridad p\u00fablica de car\u00e1cter civil, el Inspector Jefe Jos\u00e9 Trigos Lili, jefe de Servicio de la Coordinaci\u00f3n Estatal afirm\u00f3 que la presencia de Julio C\u00e9sar se convierte en un cap\u00edtulo \u00fanico y especial en las p\u00e1ginas de la Guardia Nacional, la cual reconoce su fortaleza, coraje y fe con la que enfrenta su destino.<\/p>\n\n\n\n<p>\u201cNos envolvemos en orgullo sincero, al tener entre nuestras filas a un miembro, cuya luz resplandece como un faro, con valent\u00eda, su ejemplo es certero y nos motiva con fervor a avanzar, a persistir y so\u00f1ar d\u00eda a d\u00eda, como un guardia que cumple su sagrada misi\u00f3n. Porque todos somos invencibles cuando unimos fuerzas; muchas gracias por formar parte de la Guardia Nacional y, a partir de hoy, somos m\u00e1s y m\u00e1s valientes contigo\u201d, manifest\u00f3 en su mensaje.<\/p>\n\n\n\n<p>Como parte de esta actividad, Julio C\u00e9sar visti\u00f3 el uniforme de la instituci\u00f3n mandado a confeccionar especialmente a su talla, realiz\u00f3 un recorrido en algunas \u00e1reas del cuartel y fue copiloto en la operaci\u00f3n de diversas unidades de motor.<\/p>\n\n\n\n<p>Tambi\u00e9n recibi\u00f3 de la corporaci\u00f3n un homenaje, as\u00ed como un reconocimiento y un emotivo obsequio por su valent\u00eda, fortaleza y esp\u00edritu vencedor.<\/p>\n\n\n\n<p>Este tipo de actividades son realizadas con el prop\u00f3sito de incentivar y motivar a pacientes que, como Julio Cesar, luchan d\u00eda a d\u00eda por su recuperaci\u00f3n.<\/p>\n","protected":false},"excerpt":{"rendered":"<p>Redacci\u00f3n\/Zona Roja.&nbsp; Oaxaca de Ju\u00e1rez, Oax., a 30 de agosto de 2023.- A los cuatro&hellip;<\/p>\n","protected":false},"author":2,"featured_media":59319,"comment_status":"closed","ping_status":"open","sticky":false,"template":"","format":"standard","meta":{"_lmt_disableupdate":"","_lmt_disable":"","_jetpack_memberships_contains_paid_content":false,"footnotes":""},"categories":[109,46],"tags":[278],"class_list":["post-59318","post","type-post","status-publish","format-standard","has-post-thumbnail","hentry","category-minuto-a-minuto","category-zona-blanca","tag-guardia-nacional"],"jetpack_featured_media_url":"https:\/\/zonaroja.com.mx\/wp-content\/uploads\/2023\/08\/Guardia-Nacional-por-un-dia-Oaxaca.jpg","jetpack_sharing_enabled":true,"_links":{"self":[{"href":"https:\/\/zonaroja.com.mx\/index.php?rest_route=\/wp\/v2\/posts\/59318","targetHints":{"allow":["GET"]}}],"collection":[{"href":"https:\/\/zonaroja.com.mx\/index.php?rest_route=\/wp\/v2\/posts"}],"about":[{"href":"https:\/\/zonaroja.com.mx\/index.php?rest_route=\/wp\/v2\/types\/post"}],"author":[{"embeddable":true,"href":"https:\/\/zonaroja.com.mx\/index.php?rest_route=\/wp\/v2\/users\/2"}],"replies":[{"embeddable":true,"href":"https:\/\/zonaroja.com.mx\/index.php?rest_route=%2Fwp%2Fv2%2Fcomments&post=59318"}],"version-history":[{"count":1,"href":"https:\/\/zonaroja.com.mx\/index.php?rest_route=\/wp\/v2\/posts\/59318\/revisions"}],"predecessor-version":[{"id":59320,"href":"https:\/\/zonaroja.com.mx\/index.php?rest_route=\/wp\/v2\/posts\/59318\/revisions\/59320"}],"wp:featuredmedia":[{"embeddable":true,"href":"https:\/\/zonaroja.com.mx\/index.php?rest_route=\/wp\/v2\/media\/59319"}],"wp:attachment":[{"href":"https:\/\/zonaroja.com.mx\/index.php?rest_route=%2Fwp%2Fv2%2Fmedia&parent=59318"}],"wp:term":[{"taxonomy":"category","embeddable":true,"href":"https:\/\/zonaroja.com.mx\/index.php?rest_route=%2Fwp%2Fv2%2Fcategories&post=59318"},{"taxonomy":"post_tag","embeddable":true,"href":"https:\/\/zonaroja.com.mx\/index.php?rest_route=%2Fwp%2Fv2%2Ftags&post=59318"}],"curies":[{"name":"wp","href":"https:\/\/api.w.org\/{rel}","templated":true}]}}