{"id":5932,"date":"2019-11-20T22:00:27","date_gmt":"2019-11-21T04:00:27","guid":{"rendered":"http:\/\/www.zonaroja.com.mx\/?p=5932"},"modified":"2019-11-20T22:00:29","modified_gmt":"2019-11-21T04:00:29","slug":"estuvo-en-oaxaca-mujer-de-eu-que-por-19-anos-fue-violada-y-secuestrada-por-su-padrastro","status":"publish","type":"post","link":"https:\/\/zonaroja.com.mx\/?p=5932","title":{"rendered":"Estuvo en Oaxaca mujer de EU que por 19 a\u00f1os fue violada y secuestrada por su padrastro"},"content":{"rendered":"\n<p>Redacci\u00f3n\/Zona\nRoja Cdmx.<\/p>\n\n\n\n<p>Oaxaca de\nJu\u00e1rez, Oax., 20 de noviembre de 2019.- La historia entre Rosalynn McGinnis y\nHenri Michelle Piette fue un aut\u00e9ntico infierno para ella, quien fue\nsecuestrada a los 12 a\u00f1os de edad y durante 19 a\u00f1os fue secuestrada y violada\npor el hombre.<\/p>\n\n\n\n<p>Recientemente\nla mujer estadounidense narr\u00f3 nuevamente el calvario que vivi\u00f3 cuando siendo\nmenor de edad fue plagiada por el entonces pareja de su madre en Oklahoma y\ntrasladada a la ciudad de Oaxaca, en M\u00e9xico.<\/p>\n\n\n\n<p>Rosalynn\ncont\u00f3 c\u00f3mo durante los 19 a\u00f1os de secuestro fue abusada por Henri, con quien\nprocre\u00f3 nueve hijos, hasta de que un d\u00eda alguien sospech\u00f3 que no estaba bien\ndel todo la pareja y la ayudaron a lograr escapar.<\/p>\n\n\n\n<p>En junio\npasado, Henri Michelle Piette, de 63 a\u00f1os fue hallado culpable en una corte\nfederal de Estados Unidos de secuestrar a Rosalynn McGinnis, en 1997.<\/p>\n\n\n\n<p>El caso se\ndio a conocer por primera vez en 2017 y recientemente la v\u00edctima cont\u00f3 todo\npara un programa de televisi\u00f3n en EU.<\/p>\n\n\n\n<p>La mujer\nnarr\u00f3 que una vez en un s\u00faper mercado una pareja se percat\u00f3 que la relaci\u00f3n\nentre Rosalynn y Henri no era normal, a quienes ayudaron a pagar la despensa ya\nque no les alcanz\u00f3 y fue ah\u00ed donde los acompa\u00f1aron al lugar donde viv\u00edan.<\/p>\n\n\n\n<p>A partir de\nah\u00ed la pareja apoy\u00f3 a la v\u00edctima y sus hijos a escapar, quienes lograron\ncontactar a la embajada de EU para dar a conocer el infierno por el que\npasaron.<\/p>\n","protected":false},"excerpt":{"rendered":"<p>Redacci\u00f3n\/Zona Roja Cdmx. Oaxaca de Ju\u00e1rez, Oax., 20 de noviembre de 2019.- La historia entre&hellip;<\/p>\n","protected":false},"author":2,"featured_media":5280,"comment_status":"closed","ping_status":"open","sticky":false,"template":"","format":"standard","meta":{"_lmt_disableupdate":"","_lmt_disable":"","_jetpack_memberships_contains_paid_content":false,"footnotes":""},"categories":[109,51],"tags":[1035],"class_list":["post-5932","post","type-post","status-publish","format-standard","has-post-thumbnail","hentry","category-minuto-a-minuto","category-zona-roja","tag-oklahoma"],"jetpack_featured_media_url":"https:\/\/zonaroja.com.mx\/wp-content\/uploads\/2019\/10\/ayuda.jpg","jetpack_sharing_enabled":true,"_links":{"self":[{"href":"https:\/\/zonaroja.com.mx\/index.php?rest_route=\/wp\/v2\/posts\/5932","targetHints":{"allow":["GET"]}}],"collection":[{"href":"https:\/\/zonaroja.com.mx\/index.php?rest_route=\/wp\/v2\/posts"}],"about":[{"href":"https:\/\/zonaroja.com.mx\/index.php?rest_route=\/wp\/v2\/types\/post"}],"author":[{"embeddable":true,"href":"https:\/\/zonaroja.com.mx\/index.php?rest_route=\/wp\/v2\/users\/2"}],"replies":[{"embeddable":true,"href":"https:\/\/zonaroja.com.mx\/index.php?rest_route=%2Fwp%2Fv2%2Fcomments&post=5932"}],"version-history":[{"count":1,"href":"https:\/\/zonaroja.com.mx\/index.php?rest_route=\/wp\/v2\/posts\/5932\/revisions"}],"predecessor-version":[{"id":5933,"href":"https:\/\/zonaroja.com.mx\/index.php?rest_route=\/wp\/v2\/posts\/5932\/revisions\/5933"}],"wp:featuredmedia":[{"embeddable":true,"href":"https:\/\/zonaroja.com.mx\/index.php?rest_route=\/wp\/v2\/media\/5280"}],"wp:attachment":[{"href":"https:\/\/zonaroja.com.mx\/index.php?rest_route=%2Fwp%2Fv2%2Fmedia&parent=5932"}],"wp:term":[{"taxonomy":"category","embeddable":true,"href":"https:\/\/zonaroja.com.mx\/index.php?rest_route=%2Fwp%2Fv2%2Fcategories&post=5932"},{"taxonomy":"post_tag","embeddable":true,"href":"https:\/\/zonaroja.com.mx\/index.php?rest_route=%2Fwp%2Fv2%2Ftags&post=5932"}],"curies":[{"name":"wp","href":"https:\/\/api.w.org\/{rel}","templated":true}]}}